{"id":45586,"date":"2022-09-08T19:19:32","date_gmt":"2022-09-09T00:19:32","guid":{"rendered":"http:\/\/www.zonaroja.com.mx\/?p=45586"},"modified":"2022-09-08T19:19:34","modified_gmt":"2022-09-09T00:19:34","slug":"el-registro-civil-de-oaxaca-cambia-lugar-de-la-muerte-de-abail","status":"publish","type":"post","link":"https:\/\/zonaroja.com.mx\/?p=45586","title":{"rendered":"El Registro Civil de Oaxaca cambia lugar de la muerte de Abail"},"content":{"rendered":"\n<p>Ismael Garc\u00eda M.\/Zona Roja.<\/p>\n\n\n\n<p>Oaxaca de Ju\u00e1rez, Oax., a 9 de septiembre de 2022.- La Direcci\u00f3n del Registro Civil de Oaxaca entreg\u00f3 un acta de defunci\u00f3n de Flor Abigail H. U., en un sitio distinto donde ocurrieron los hechos.<\/p>\n\n\n\n<p>La joven muri\u00f3 el pasado 19 de agosto en una celda de la polic\u00eda municipal de Salina Cruz, pero esa instituci\u00f3n del Gobierno del Estado detall\u00f3 que fue en la v\u00eda p\u00fablica, lo cual irrit\u00f3 a los familiares.<\/p>\n\n\n\n<p>\u201cAhora el Registro Civil quiere cambiar el lugar donde muri\u00f3 mi hija diciendo que falleci\u00f3 en la v\u00eda p\u00fablica y no quiere poner que fue dentro de los separos de la c\u00e1rcel, por tal motivo no acepte el acta de defunci\u00f3n\u201d, difundi\u00f3 el se\u00f1or Jos\u00e9 Luis Hay, en su perfil de Facebook.<\/p>\n\n\n\n<p>\u201cJuegan con los seres humanos fallecidos y no quieren ver la cara. Mi hija Abigail fue torturada , golpeada y asesinada dentro de la c\u00e1rcel de la comandancia municipal no en la calle. A m\u00ed me llevo la polic\u00eda a la comandancia y as\u00ed fue, porque la misma polic\u00eda me lo dijo\u201d, recalc\u00f3.<\/p>\n\n\n\n<p>Por su parte, tambi\u00e9n en la red social Facebook, Aracely Hay Urrutia, la hermana de la v\u00edctima, tambi\u00e9n lament\u00f3 ese hecho de la dependencia oficial.<\/p>\n\n\n\n<p>\u201cNuevamente no puedo creer que despu\u00e9s de todo el da\u00f1o irreparable que sufre nuestra familia, el Registro Civil de Salina Cruz, Oaxaca, expida el acta de defunci\u00f3n de Flor Abigail Hay Urrutia sin especificar el lugar de su muerte. Acaso no quieren reconocer que fue dentro de la comisar\u00eda de Salina cruz, Oaxaca. Me llena de tristeza, tanta impunidad\u201d.<\/p>\n\n\n\n<p>Hasta ahora, la Direcci\u00f3n del Registro Civil, a cargo de Francisco Javier Silva Contreras, no ha dado una postura al respecto.<\/p>\n\n\n\n<figure class=\"wp-block-embed\"><div class=\"wp-block-embed__wrapper\">\nhttps:\/\/www.facebook.com\/photo\/?fbid=1290869404988200&#038;set=a.956514181757059&#038;cft[0]=AZWEyaVNIhTI9tRiA01sir2eOrmZIylMHDscZQf-YS29vBX-a_i-IdgzHsFZwa-J-rRaImXNI91al0o3BDTSt25IuIJuHaBVPrbJn9n2jLs5Y69NzIEV93jIzcJLdpWnKZL_W-8Vi6eCCeYwbnSquNMsW4A4nnhdryEr2B6QJraCFg&#038;tn=EH-R\n<\/div><\/figure>\n","protected":false},"excerpt":{"rendered":"<p>Ismael Garc\u00eda M.\/Zona Roja. Oaxaca de Ju\u00e1rez, Oax., a 9 de septiembre de 2022.- La&hellip;<\/p>\n","protected":false},"author":2,"featured_media":45587,"comment_status":"closed","ping_status":"open","sticky":false,"template":"","format":"standard","meta":{"_lmt_disableupdate":"","_lmt_disable":"","_jetpack_memberships_contains_paid_content":false,"footnotes":""},"categories":[109,47],"tags":[3234],"class_list":["post-45586","post","type-post","status-publish","format-standard","has-post-thumbnail","hentry","category-minuto-a-minuto","category-zona-gris","tag-abigail-hay-urrutia"],"jetpack_featured_media_url":"https:\/\/zonaroja.com.mx\/wp-content\/uploads\/2022\/09\/Acta-d-enacimiento-Abigail-Hay-Urrutia.jpg","jetpack_sharing_enabled":true,"_links":{"self":[{"href":"https:\/\/zonaroja.com.mx\/index.php?rest_route=\/wp\/v2\/posts\/45586","targetHints":{"allow":["GET"]}}],"collection":[{"href":"https:\/\/zonaroja.com.mx\/index.php?rest_route=\/wp\/v2\/posts"}],"about":[{"href":"https:\/\/zonaroja.com.mx\/index.php?rest_route=\/wp\/v2\/types\/post"}],"author":[{"embeddable":true,"href":"https:\/\/zonaroja.com.mx\/index.php?rest_route=\/wp\/v2\/users\/2"}],"replies":[{"embeddable":true,"href":"https:\/\/zonaroja.com.mx\/index.php?rest_route=%2Fwp%2Fv2%2Fcomments&post=45586"}],"version-history":[{"count":1,"href":"https:\/\/zonaroja.com.mx\/index.php?rest_route=\/wp\/v2\/posts\/45586\/revisions"}],"predecessor-version":[{"id":45588,"href":"https:\/\/zonaroja.com.mx\/index.php?rest_route=\/wp\/v2\/posts\/45586\/revisions\/45588"}],"wp:featuredmedia":[{"embeddable":true,"href":"https:\/\/zonaroja.com.mx\/index.php?rest_route=\/wp\/v2\/media\/45587"}],"wp:attachment":[{"href":"https:\/\/zonaroja.com.mx\/index.php?rest_route=%2Fwp%2Fv2%2Fmedia&parent=45586"}],"wp:term":[{"taxonomy":"category","embeddable":true,"href":"https:\/\/zonaroja.com.mx\/index.php?rest_route=%2Fwp%2Fv2%2Fcategories&post=45586"},{"taxonomy":"post_tag","embeddable":true,"href":"https:\/\/zonaroja.com.mx\/index.php?rest_route=%2Fwp%2Fv2%2Ftags&post=45586"}],"curies":[{"name":"wp","href":"https:\/\/api.w.org\/{rel}","templated":true}]}}