{"id":45591,"date":"2022-09-08T20:22:04","date_gmt":"2022-09-09T01:22:04","guid":{"rendered":"http:\/\/www.zonaroja.com.mx\/?p=45591"},"modified":"2022-09-08T20:22:05","modified_gmt":"2022-09-09T01:22:05","slug":"las-3-razones-medicas-que-llevaron-a-la-reina-isabel-ii-a-la-muerte","status":"publish","type":"post","link":"https:\/\/zonaroja.com.mx\/?p=45591","title":{"rendered":"Las 3 razones m\u00e9dicas que llevaron a la reina Isabel II a la muerte"},"content":{"rendered":"\n<p>Redacci\u00f3n\/Zona Roja Cdmx.<\/p>\n\n\n\n<p>Ciudad de M\u00e9xico, a 8 de septiembre de 2022.- Fue la soberana m\u00e1s longeva de la historia de Reino Unido, con 70 a\u00f1os de reinado a sus espaldas. La salud de Isabel II, quien muri\u00f3 hoy, fue siempre envidiable hasta este 2022, en el que cumpli\u00f3 los 96 a\u00f1os.&nbsp;<\/p>\n\n\n\n<p>Con una agenda p\u00fablica cada vez m\u00e1s reducida, y faltas repentinas a actos en los que estaba confirmada su asistencia, el aspecto de la monarca fue cada vez m\u00e1s fr\u00e1gil.<\/p>\n\n\n\n<p>En junio de 2022, la reina se perdi\u00f3 varias de sus festividades del Jubileo, que celebraba su 70 aniversario en el trono, debido a problemas de salud. Ya entonces, en los festejos que se hicieron en su honor, fue sustituida por sus hijos y nietos, y en los actos en los que s\u00ed aparec\u00eda dej\u00f3 patente su debilidad.<\/p>\n\n\n\n<p>Este mismo a\u00f1o se contagi\u00f3 de Covid-19. Fue en febrero y lo pas\u00f3 con s\u00edntomas leves, aunque la monarca confes\u00f3 poco despu\u00e9s de dar positivo que se hab\u00eda quedado exhausta tras la infecci\u00f3n.<\/p>\n\n\n\n<p>Esa sensaci\u00f3n de cansancio la revel\u00f3 la monarca durante una videoconferencia con personal sanitario en abril pasado, poco antes de su cumplea\u00f1os n\u00famero 96. Se trata de uno de los s\u00edntomas m\u00e1s habituales que reportan las personas que padecen Covid prolongado.<\/p>\n\n\n\n<p>El virus deja \u201cmuy cansado y exhausto, \u00bfes as\u00ed, no?\u201d, pregunt\u00f3 la reina a Asef Hussain, un paciente que tuvo el Covid-19, durante la inauguraci\u00f3n virtual de una unidad de cuidados m\u00e9dicos que lleva su nombre en el Royal London Hospital de la capital brit\u00e1nica.<\/p>\n\n\n\n<p>Por otra parte, la reina hab\u00eda sufrido un profundo impacto psicol\u00f3gico cuando el 9 de abril del a\u00f1o pasado muri\u00f3 su esposo, el pr\u00edncipe Felipe, a los 99 a\u00f1os. Poco antes hab\u00eda sido hospitalizado y sometido a una intervenci\u00f3n card\u00edaca. Felipe de Edimburgo se hab\u00eda retirado de las actividades p\u00fablicas en 2017<\/p>\n\n\n\n<p>La reina, poco proclive a hacer demostraciones de cari\u00f1o en p\u00fablico, hab\u00eda dicho una vez de su marido: \u201cEs mi roca. Ha sido mi fuerza y mi sost\u00e9n\u201d. Fue \u201cel \u00fanico hombre del mundo en tratar a la reina como un ser humano, de igual a igual\u201d, explic\u00f3 una vez Lord Charteris, ex secretario privado de la monarca.<\/p>\n\n\n\n<p>Pero la primera se\u00f1al de alarma sobre la salud de la reina hab\u00eda saltado en noviembre de 2021, cuando la reina de Inglaterra falt\u00f3 a un acto p\u00fablico por una lesi\u00f3n en la espalda. \u201cLa Reina, despu\u00e9s de haberse torcido la espalda, ha decidido esta ma\u00f1ana con gran pesar que no podr\u00e1 asistir al Servicio del Domingo del Recuerdo de hoy en el Cenotafio\u201d, dijo el Palacio en un comunicado en ese momento.<\/p>\n\n\n\n<p>Antes de eso, Isabel II hab\u00eda pasado una noche en el hospital sobre la que Buckingham no quiso informar. La estancia hospitalaria fue mantenida en secreto hasta que lo filtr\u00f3 el tabloide \u201cThe Sun\u201d.&nbsp;<\/p>\n\n\n\n<p>La Casa Windsor se limit\u00f3 a informar de que \u201cla reina Isabel II de Inglaterra fue a un hospital el mi\u00e9rcoles por la tarde para hacerse pruebas preliminares y regres\u00f3 al castillo de Windsor el jueves a la hora de comer y mantiene un buen estado de \u00e1nimo\u201d.<\/p>\n\n\n\n<p>Y en un servicio religioso en octubre, us\u00f3 un bast\u00f3n en p\u00fablico por primera vez desde 2003.<\/p>\n\n\n\n<p>En el 2017 la reina tuvo que faltar a un servicio religioso de A\u00f1o Nuevo por un fuerte resfriado. Era su segunda falta a un evento religioso desde 1988. En 2013 Isabel II tuvo una gastroenteritis. Contaba entonces con 75 a\u00f1os y era la primera vez que tuvo que ser ingresada a un hospital en una d\u00e9cada.<\/p>\n\n\n\n<p>En concreto, en 2003 tuvo que ser intervenida para extirparle el cart\u00edlago desgarrado de la rodilla derecha. Antes de eso, solamente consta p\u00fablicamente otro ingreso hospitalario de Isabel II: en 1994 se rompi\u00f3 la mu\u00f1eca izquierda cuando se cay\u00f3 de un caballo en su residencia de Sandringham en Norfolk, Inglaterra.&nbsp;<\/p>\n\n\n\n<p>Medios brit\u00e1nicos publicaron entonces que la reina, tras caerse, volvi\u00f3 a montarse y no se percat\u00f3 de que ten\u00eda un hueso roto en m\u00e1s de 24 horas.<\/p>\n\n\n\n<p>En marzo de 1993, el pr\u00edncipe Eduardo la reemplaz\u00f3 en varios compromisos porque ten\u00eda gripe.&nbsp;<\/p>\n\n\n\n<p>Tambi\u00e9n ese a\u00f1o la reina tuvo que recibir tres puntos de sutura en la mano izquierda tras ser mordida por uno de sus perros, pero se neg\u00f3 a cancelar una visita a una f\u00e1brica de bolsos.<\/p>\n\n\n\n<p>(Informaci\u00f3n de Infobae)<\/p>\n","protected":false},"excerpt":{"rendered":"<p>Redacci\u00f3n\/Zona Roja Cdmx. Ciudad de M\u00e9xico, a 8 de septiembre de 2022.- Fue la soberana&hellip;<\/p>\n","protected":false},"author":2,"featured_media":45592,"comment_status":"closed","ping_status":"open","sticky":false,"template":"","format":"standard","meta":{"_lmt_disableupdate":"","_lmt_disable":"","_jetpack_memberships_contains_paid_content":false,"footnotes":""},"categories":[109,47],"tags":[3250],"class_list":["post-45591","post","type-post","status-publish","format-standard","has-post-thumbnail","hentry","category-minuto-a-minuto","category-zona-gris","tag-reina-isabel-ii"],"jetpack_featured_media_url":"https:\/\/zonaroja.com.mx\/wp-content\/uploads\/2022\/09\/Reina-Isabel-II.jpeg","jetpack_sharing_enabled":true,"_links":{"self":[{"href":"https:\/\/zonaroja.com.mx\/index.php?rest_route=\/wp\/v2\/posts\/45591","targetHints":{"allow":["GET"]}}],"collection":[{"href":"https:\/\/zonaroja.com.mx\/index.php?rest_route=\/wp\/v2\/posts"}],"about":[{"href":"https:\/\/zonaroja.com.mx\/index.php?rest_route=\/wp\/v2\/types\/post"}],"author":[{"embeddable":true,"href":"https:\/\/zonaroja.com.mx\/index.php?rest_route=\/wp\/v2\/users\/2"}],"replies":[{"embeddable":true,"href":"https:\/\/zonaroja.com.mx\/index.php?rest_route=%2Fwp%2Fv2%2Fcomments&post=45591"}],"version-history":[{"count":1,"href":"https:\/\/zonaroja.com.mx\/index.php?rest_route=\/wp\/v2\/posts\/45591\/revisions"}],"predecessor-version":[{"id":45593,"href":"https:\/\/zonaroja.com.mx\/index.php?rest_route=\/wp\/v2\/posts\/45591\/revisions\/45593"}],"wp:featuredmedia":[{"embeddable":true,"href":"https:\/\/zonaroja.com.mx\/index.php?rest_route=\/wp\/v2\/media\/45592"}],"wp:attachment":[{"href":"https:\/\/zonaroja.com.mx\/index.php?rest_route=%2Fwp%2Fv2%2Fmedia&parent=45591"}],"wp:term":[{"taxonomy":"category","embeddable":true,"href":"https:\/\/zonaroja.com.mx\/index.php?rest_route=%2Fwp%2Fv2%2Fcategories&post=45591"},{"taxonomy":"post_tag","embeddable":true,"href":"https:\/\/zonaroja.com.mx\/index.php?rest_route=%2Fwp%2Fv2%2Ftags&post=45591"}],"curies":[{"name":"wp","href":"https:\/\/api.w.org\/{rel}","templated":true}]}}