{"id":45594,"date":"2022-09-08T22:01:52","date_gmt":"2022-09-09T03:01:52","guid":{"rendered":"http:\/\/www.zonaroja.com.mx\/?p=45594"},"modified":"2022-09-08T22:01:54","modified_gmt":"2022-09-09T03:01:54","slug":"reconoce-neri-problema-de-basurero-en-el-atoyac-pero-sigue-sin-atender","status":"publish","type":"post","link":"https:\/\/zonaroja.com.mx\/?p=45594","title":{"rendered":"Reconoce Neri problema de basurero en el \u201cAtoyac\u201d, pero sigue sin atender"},"content":{"rendered":"\n<p>Yuridiana Sosa\/Zona Roja.<\/p>\n\n\n\n<p>Oaxaca de Ju\u00e1rez, Oax., a 8 de septiembre de 2022.- Sin otro espacio por poder ocupar, el tiradero a cielo abierto en la ribera del r\u00edo \u201cAtoyac\u201d en Oaxaca de Ju\u00e1rez continuar\u00e1 y el cierre definitivo del basurero municipal se aplicar\u00e1 en un mes.<\/p>\n\n\n\n<p>El edil de la capital, Francisco Mart\u00ednez Neri, reconoci\u00f3 que ese nuevo basurero es un problema que se agudiza al paso de los d\u00edas, pero destac\u00f3 que no s\u00f3lo es responsabilidad del gobierno municipal atenderlo.<\/p>\n\n\n\n<p>En el exhorto que la 65 Legislatura del Congreso de Oaxaca realiz\u00f3 para solucionar ese foco de contaminaci\u00f3n, el edil fue exhibido en su omisi\u00f3n de actuar para el dep\u00f3sito de desechos por parte de recolectores particulares.<\/p>\n\n\n\n<p>Al llamado de atenci\u00f3n, Mart\u00ednez Neri respondi\u00f3 sereno, pero dividi\u00f3 responsabilidad con los gobiernos estatal y federal, quienes no han intervenido lo suficiente ante un problema con diversas aristas.<\/p>\n\n\n\n<p>\u201cLa responsabilidad del ayuntamiento es establecer relaciones y ese v\u00ednculo con la autoridad estatal y federal para tener soluci\u00f3n\u201d, agreg\u00f3 al tratar de deslindarse de sus omisiones para frenar la contaminaci\u00f3n.<\/p>\n\n\n\n<p>\u201cQu\u00e9 va a ocurrir si el gobierno municipal retira la basura de ah\u00ed, primero, a d\u00f3nde la va a tirar, si no tenemos permiso para tirarla en el mismo lugar (basurero municipal) porque hay una prohibici\u00f3n\u201d, expres\u00f3 en entrevista, tras la sesi\u00f3n de Cabildo de este jueves.<\/p>\n\n\n\n<p>De tener acceso, dijo que la autoridad estar\u00eda solucionando el problema que tienen los particulares, cuando lo principal es dar soluci\u00f3n de fondo de manera institucional.<\/p>\n\n\n\n<figure class=\"wp-block-embed is-type-rich is-provider-twitter wp-block-embed-twitter\"><div class=\"wp-block-embed__wrapper\">\n<div class=\"twitter-tweet\"><blockquote class=\"twitter-tweet\" data-lang=\"es\"><p lang=\"es\" dir=\"ltr\">2. Los comerciantes informales esperaron al edil <a href=\"https:\/\/twitter.com\/FMartinezNeri?ref_src=twsrc%5Etfw\">@FMartinezNeri<\/a> a la salida del sal\u00f3n de Cabildo, para pedirle les permita vender en el centro de la ciudad. El presidente municipal les respondi\u00f3 que es una decisi\u00f3n de Cabildo. <a href=\"https:\/\/t.co\/qPmi5kvkOe\">pic.twitter.com\/qPmi5kvkOe<\/a><\/p>&mdash; Zona Roja Oaxaca (@ZonaRoja_Oaxaca) <a href=\"https:\/\/twitter.com\/ZonaRoja_Oaxaca\/status\/1567970097414930432?ref_src=twsrc%5Etfw\">8 de septiembre de 2022<\/a><\/blockquote><\/div>\n<\/div><\/figure>\n\n\n\n<p>\u201cHemos manifestado al gobierno estatal y de paso al federal sobre la importante inclusi\u00f3n de los tres niveles para atender el problema. Espero que en pr\u00f3ximos d\u00edas haya reuni\u00f3n y podamos canalizar inquietudes y soluciones a este problema que se est\u00e1 agudizando\u201d, puntualiz\u00f3 el edil.<\/p>\n\n\n\n<p>Es decir, a un mes del cierre definitivo del basurero en Villa de Zaachila, en la que hasta el 8 de octubre se permitir\u00e1 el dep\u00f3sito de la basura del servicio p\u00fablico municipal de la capital, pero no de los particulares, la autoridad de Oaxaca de Ju\u00e1rez a\u00fan no tiene sede alterna para la basura y sigue apostando por las reuniones con autoridades superiores para solucionar el problema.<\/p>\n\n\n\n<p>DELINCUENCIA MIGRATORIA<\/p>\n\n\n\n<p>En entrevista colectiva, el edil de Oaxaca de Ju\u00e1rez tambi\u00e9n reconoci\u00f3 el incremento de hechos delictivos en la capital, misma que en su mayor\u00eda es por personas que no viven en Oaxaca.<\/p>\n\n\n\n<p>\u201cNo es delincuencia local, una buena parte viene de otras partes. Es lo que me reportan\u201d, apunt\u00f3.<\/p>\n\n\n\n<p>Mart\u00ednez Neri agreg\u00f3 que tampoco es nuevo el tema de quienes delinquen con el tr\u00e1fico de migrantes en su paso por la entidad y la capital.<\/p>\n\n\n\n<p>El mun\u00edcipe atendi\u00f3 posteriormente a un grupo de presuntos ind\u00edgenas triquis, que llegaron con pancartas al sal\u00f3n de Cabildos, para pedir, de manera cordial, les permitan instalar sus puestos informales en el centro de la ciudad.<\/p>\n\n\n\n<p>Aseguraron que tienen varias d\u00e9cadas de ocupar dichos espacios; Mart\u00ednez Neri les respondi\u00f3 que el aval depende del Cabildo y no de su persona; los invit\u00f3 a tomar cursos para buscar otras formas de comercializar sus productos.<\/p>\n","protected":false},"excerpt":{"rendered":"<p>Yuridiana Sosa\/Zona Roja. Oaxaca de Ju\u00e1rez, Oax., a 8 de septiembre de 2022.- Sin otro&hellip;<\/p>\n","protected":false},"author":2,"featured_media":45595,"comment_status":"closed","ping_status":"open","sticky":false,"template":"","format":"standard","meta":{"_lmt_disableupdate":"","_lmt_disable":"","_jetpack_memberships_contains_paid_content":false,"footnotes":""},"categories":[109,47],"tags":[2418],"class_list":["post-45594","post","type-post","status-publish","format-standard","has-post-thumbnail","hentry","category-minuto-a-minuto","category-zona-gris","tag-francisco-martinez-neri"],"jetpack_featured_media_url":"https:\/\/zonaroja.com.mx\/wp-content\/uploads\/2022\/09\/Edil-Francisco-Martinez-Neri.jpg","jetpack_sharing_enabled":true,"_links":{"self":[{"href":"https:\/\/zonaroja.com.mx\/index.php?rest_route=\/wp\/v2\/posts\/45594","targetHints":{"allow":["GET"]}}],"collection":[{"href":"https:\/\/zonaroja.com.mx\/index.php?rest_route=\/wp\/v2\/posts"}],"about":[{"href":"https:\/\/zonaroja.com.mx\/index.php?rest_route=\/wp\/v2\/types\/post"}],"author":[{"embeddable":true,"href":"https:\/\/zonaroja.com.mx\/index.php?rest_route=\/wp\/v2\/users\/2"}],"replies":[{"embeddable":true,"href":"https:\/\/zonaroja.com.mx\/index.php?rest_route=%2Fwp%2Fv2%2Fcomments&post=45594"}],"version-history":[{"count":1,"href":"https:\/\/zonaroja.com.mx\/index.php?rest_route=\/wp\/v2\/posts\/45594\/revisions"}],"predecessor-version":[{"id":45596,"href":"https:\/\/zonaroja.com.mx\/index.php?rest_route=\/wp\/v2\/posts\/45594\/revisions\/45596"}],"wp:featuredmedia":[{"embeddable":true,"href":"https:\/\/zonaroja.com.mx\/index.php?rest_route=\/wp\/v2\/media\/45595"}],"wp:attachment":[{"href":"https:\/\/zonaroja.com.mx\/index.php?rest_route=%2Fwp%2Fv2%2Fmedia&parent=45594"}],"wp:term":[{"taxonomy":"category","embeddable":true,"href":"https:\/\/zonaroja.com.mx\/index.php?rest_route=%2Fwp%2Fv2%2Fcategories&post=45594"},{"taxonomy":"post_tag","embeddable":true,"href":"https:\/\/zonaroja.com.mx\/index.php?rest_route=%2Fwp%2Fv2%2Ftags&post=45594"}],"curies":[{"name":"wp","href":"https:\/\/api.w.org\/{rel}","templated":true}]}}