{"id":45597,"date":"2022-09-09T10:08:00","date_gmt":"2022-09-09T15:08:00","guid":{"rendered":"http:\/\/www.zonaroja.com.mx\/?p=45597"},"modified":"2022-09-08T22:10:10","modified_gmt":"2022-09-09T03:10:10","slug":"celebra-ieepco-ampliacion-de-tiempo-en-radio-y-tv-aprobada-por-el-ine","status":"publish","type":"post","link":"https:\/\/zonaroja.com.mx\/?p=45597","title":{"rendered":"Celebra IEEPCO ampliaci\u00f3n de tiempo en Radio y tv aprobada por el INE"},"content":{"rendered":"\n<p>Redacci\u00f3n\/Zona Roja.<\/p>\n\n\n\n<p>Oaxaca de Ju\u00e1rez, Oax., a 9 de septiembre de 2022.- El Instituto Estatal Electoral y de Participaci\u00f3n Ciudadana de Oaxaca (IEEPCO) celebr\u00f3 que, de manera hist\u00f3rica, el Instituto Nacional Electoral (INE) aprobara el acuerdo por el que se le aumenta el tiempo asignado de Radio y Televisi\u00f3n, a fin de promocionar los derechos pol\u00edtico-electorales de las mujeres en los municipios que se rigen por Sistemas Normativos Ind\u00edgenas.&nbsp;<\/p>\n\n\n\n<p>De acuerdo con la consejera presidenta del \u00f3rgano electoral local, Elizabeth S\u00e1nchez Gonz\u00e1lez, dicha medida representa un precedente importante que podr\u00e1 ser utilizado por cualquier Instituto Estatal Electoral que cuente con elecciones o nombramientos de autoridades bajo formas propias de decisi\u00f3n, en aras de alcanzar la paridad en la conformaci\u00f3n de sus Cabildos.&nbsp;<\/p>\n\n\n\n<p>Fue de manera un\u00e1nime que las consejeras y consejeros del INE aprobaron la aplicaci\u00f3n de normas por las cuales trasladar\u00e1n al IEEPCO el tiempo que les corresponde a los partidos pol\u00edticos en 15 radios comunitarias, del 16 al 31 de diciembre; adem\u00e1s acord\u00f3 ampliar el tiempo del \u00f3rgano local electoral en las radios y canales comerciales, del 23 de septiembre y hasta el 22 de octubre, sin perjudicar a los \u00f3rganos pol\u00edticos.&nbsp;<\/p>\n\n\n\n<p>\u201cEstas medidas ayudar\u00e1n al Instituto a difundir los derechos de las mujeres ind\u00edgenas y afromexicanas a trav\u00e9s de un recurso p\u00fablico como es el tiempo en radio y televisi\u00f3n\u201d asegur\u00f3 S\u00e1nchez Gonz\u00e1lez.&nbsp;<\/p>\n\n\n\n<p>Fue desde la presidencia del \u00f3rgano electoral local que, previamente, se realiz\u00f3 una consulta respecto al uso de los tiempos en Radio y Televisi\u00f3n en el estado con motivo de los procesos de nombramientos de autoridades en municipios de Sistemas Normativos Ind\u00edgenas, misma que fue turnada a la Direcci\u00f3n Ejecutiva de Prerrogativas y Partidos Pol\u00edticos del INE.&nbsp;<\/p>\n\n\n\n<p>Posteriormente, y por primera ocasi\u00f3n en la historia, se solicit\u00f3 mayor tiempo de difusi\u00f3n para diversos promocionales relacionados con dichos nombramientos, las disposiciones actuales en materia de paridad y los derechos pol\u00edtico-electorales de las mujeres.&nbsp;<\/p>\n\n\n\n<p>Con lo anterior, de acuerdo con S\u00e1nchez Gonz\u00e1lez, tambi\u00e9n se da cumplimiento a las disposiciones expuestas en el art\u00edculo 2\u00ba, apartado B, fracci\u00f3n VI, de la Constituci\u00f3n Pol\u00edtica de los Estados Unidos Mexicanos; el art\u00edculo 30 del Convenio 169 de la OIT; el 16 de la Declaraci\u00f3n de las Naciones Unidas sobre los derechos de los Pueblos Ind\u00edgenas; y la Declaraci\u00f3n Universal de los Derechos Humanos, Asamblea General en su resoluci\u00f3n 217 A (III), con respecto al derecho de los pueblos y comunidades ind\u00edgenas a acceder a medios de comunicaci\u00f3n.&nbsp;<\/p>\n\n\n\n<figure class=\"wp-block-embed is-type-rich is-provider-twitter wp-block-embed-twitter\"><div class=\"wp-block-embed__wrapper\">\n<div class=\"twitter-tweet\"><blockquote class=\"twitter-tweet\" data-lang=\"es\"><p lang=\"es\" dir=\"ltr\">Solicitamos al INE la aplicaci\u00f3n de normas de ese autoridad, por las cuales trasladar\u00e1n al IEEPCO el tiempo que les corresponde a los partidos pol\u00edticos *en 15 radios  comunitarias, del 16 de septiembre al 31 de diciembre*. <a href=\"https:\/\/t.co\/qR51bF70ju\">https:\/\/t.co\/qR51bF70ju<\/a><\/p>&mdash; Elizabeth Sanchezg. (@Bidxa_a) <a href=\"https:\/\/twitter.com\/Bidxa_a\/status\/1567705225485590528?ref_src=twsrc%5Etfw\">8 de septiembre de 2022<\/a><\/blockquote><\/div>\n<\/div><\/figure>\n","protected":false},"excerpt":{"rendered":"<p>Redacci\u00f3n\/Zona Roja. Oaxaca de Ju\u00e1rez, Oax., a 9 de septiembre de 2022.- El Instituto Estatal&hellip;<\/p>\n","protected":false},"author":2,"featured_media":42109,"comment_status":"closed","ping_status":"open","sticky":false,"template":"","format":"standard","meta":{"_lmt_disableupdate":"","_lmt_disable":"","_jetpack_memberships_contains_paid_content":false,"footnotes":""},"categories":[109,46],"tags":[2932],"class_list":["post-45597","post","type-post","status-publish","format-standard","has-post-thumbnail","hentry","category-minuto-a-minuto","category-zona-blanca","tag-instituto-estatal-electoral-y-de-participacion-ciudadana-de-oaxaca-ieepco"],"jetpack_featured_media_url":"https:\/\/zonaroja.com.mx\/wp-content\/uploads\/2022\/06\/Elizabeth-Sanchez-Gonzalez.jpg","jetpack_sharing_enabled":true,"_links":{"self":[{"href":"https:\/\/zonaroja.com.mx\/index.php?rest_route=\/wp\/v2\/posts\/45597","targetHints":{"allow":["GET"]}}],"collection":[{"href":"https:\/\/zonaroja.com.mx\/index.php?rest_route=\/wp\/v2\/posts"}],"about":[{"href":"https:\/\/zonaroja.com.mx\/index.php?rest_route=\/wp\/v2\/types\/post"}],"author":[{"embeddable":true,"href":"https:\/\/zonaroja.com.mx\/index.php?rest_route=\/wp\/v2\/users\/2"}],"replies":[{"embeddable":true,"href":"https:\/\/zonaroja.com.mx\/index.php?rest_route=%2Fwp%2Fv2%2Fcomments&post=45597"}],"version-history":[{"count":2,"href":"https:\/\/zonaroja.com.mx\/index.php?rest_route=\/wp\/v2\/posts\/45597\/revisions"}],"predecessor-version":[{"id":45599,"href":"https:\/\/zonaroja.com.mx\/index.php?rest_route=\/wp\/v2\/posts\/45597\/revisions\/45599"}],"wp:featuredmedia":[{"embeddable":true,"href":"https:\/\/zonaroja.com.mx\/index.php?rest_route=\/wp\/v2\/media\/42109"}],"wp:attachment":[{"href":"https:\/\/zonaroja.com.mx\/index.php?rest_route=%2Fwp%2Fv2%2Fmedia&parent=45597"}],"wp:term":[{"taxonomy":"category","embeddable":true,"href":"https:\/\/zonaroja.com.mx\/index.php?rest_route=%2Fwp%2Fv2%2Fcategories&post=45597"},{"taxonomy":"post_tag","embeddable":true,"href":"https:\/\/zonaroja.com.mx\/index.php?rest_route=%2Fwp%2Fv2%2Ftags&post=45597"}],"curies":[{"name":"wp","href":"https:\/\/api.w.org\/{rel}","templated":true}]}}