{"id":45600,"date":"2022-09-09T10:22:00","date_gmt":"2022-09-09T15:22:00","guid":{"rendered":"http:\/\/www.zonaroja.com.mx\/?p=45600"},"modified":"2022-09-09T06:56:09","modified_gmt":"2022-09-09T11:56:09","slug":"proyectan-baja-de-24-en-recursos-para-corredor-del-istmo","status":"publish","type":"post","link":"https:\/\/zonaroja.com.mx\/?p=45600","title":{"rendered":"Proyectan baja de 24% en recursos para corredor del Istmo"},"content":{"rendered":"\n<p>Redacci\u00f3n\/Zona Roja Cdmx.<\/p>\n\n\n\n<p>Ciudad de M\u00e9xico, a 9 de septiembre de 2022.- El gobierno federal proyect\u00f3 que para 2023 la obra del Corredor del Istmo de Tehuantepec, donde se planea la construcci\u00f3n de un tren, cuente con recursos por 7 mil 682 millones de pesos, lo que implicar\u00eda una disminuci\u00f3n anual de 24 por ciento.&nbsp;<\/p>\n\n\n\n<p>De acuerdo con el Proyecto de Egresos de la Federaci\u00f3n (PEF) del siguiente a\u00f1o, esta obra estar\u00e1 a cargo de la Secretar\u00eda de Marina (Semar).&nbsp;<\/p>\n\n\n\n<p>Con base en documentos del gobierno federal, en 2022 se le otorgaron recursos por 10 mil 154 millones de pesos a \u00e9sta obra&nbsp;insignia del presidente Andr\u00e9s Manuel L\u00f3pez Obrador.&nbsp;<\/p>\n\n\n\n<p>Anteriormente este proyecto se hab\u00eda destinado para su construcci\u00f3n a la Secretar\u00eda de Infraestructura Comunicaciones y Transportes (SICT). El Corredor del Istmo tiene cerca de diez polos industriales que estar\u00e1n localizados a lo largo de todo el desarrollo, de los cuales cinco estar\u00e1n en Veracruz y van a tener impactos muy importantes en cuanto a la promoci\u00f3n del comercio, se\u00f1al\u00f3 la autoridad.<\/p>\n","protected":false},"excerpt":{"rendered":"<p>Redacci\u00f3n\/Zona Roja Cdmx. Ciudad de M\u00e9xico, a 9 de septiembre de 2022.- El gobierno federal&hellip;<\/p>\n","protected":false},"author":2,"featured_media":29894,"comment_status":"closed","ping_status":"open","sticky":false,"template":"","format":"standard","meta":{"_lmt_disableupdate":"","_lmt_disable":"","_jetpack_memberships_contains_paid_content":false,"footnotes":""},"categories":[109,47],"tags":[2917],"class_list":["post-45600","post","type-post","status-publish","format-standard","has-post-thumbnail","hentry","category-minuto-a-minuto","category-zona-gris","tag-corredor-interoceanico-oaxaca"],"jetpack_featured_media_url":"https:\/\/zonaroja.com.mx\/wp-content\/uploads\/2021\/07\/Corredor-tren-Transistmico.jpg","jetpack_sharing_enabled":true,"_links":{"self":[{"href":"https:\/\/zonaroja.com.mx\/index.php?rest_route=\/wp\/v2\/posts\/45600","targetHints":{"allow":["GET"]}}],"collection":[{"href":"https:\/\/zonaroja.com.mx\/index.php?rest_route=\/wp\/v2\/posts"}],"about":[{"href":"https:\/\/zonaroja.com.mx\/index.php?rest_route=\/wp\/v2\/types\/post"}],"author":[{"embeddable":true,"href":"https:\/\/zonaroja.com.mx\/index.php?rest_route=\/wp\/v2\/users\/2"}],"replies":[{"embeddable":true,"href":"https:\/\/zonaroja.com.mx\/index.php?rest_route=%2Fwp%2Fv2%2Fcomments&post=45600"}],"version-history":[{"count":1,"href":"https:\/\/zonaroja.com.mx\/index.php?rest_route=\/wp\/v2\/posts\/45600\/revisions"}],"predecessor-version":[{"id":45601,"href":"https:\/\/zonaroja.com.mx\/index.php?rest_route=\/wp\/v2\/posts\/45600\/revisions\/45601"}],"wp:featuredmedia":[{"embeddable":true,"href":"https:\/\/zonaroja.com.mx\/index.php?rest_route=\/wp\/v2\/media\/29894"}],"wp:attachment":[{"href":"https:\/\/zonaroja.com.mx\/index.php?rest_route=%2Fwp%2Fv2%2Fmedia&parent=45600"}],"wp:term":[{"taxonomy":"category","embeddable":true,"href":"https:\/\/zonaroja.com.mx\/index.php?rest_route=%2Fwp%2Fv2%2Fcategories&post=45600"},{"taxonomy":"post_tag","embeddable":true,"href":"https:\/\/zonaroja.com.mx\/index.php?rest_route=%2Fwp%2Fv2%2Ftags&post=45600"}],"curies":[{"name":"wp","href":"https:\/\/api.w.org\/{rel}","templated":true}]}}