{"id":45604,"date":"2022-09-09T11:48:00","date_gmt":"2022-09-09T16:48:00","guid":{"rendered":"http:\/\/www.zonaroja.com.mx\/?p=45604"},"modified":"2022-09-09T06:53:24","modified_gmt":"2022-09-09T11:53:24","slug":"mexico-supera-las-31-mil-personas-desaparecidas-en-tres-anos","status":"publish","type":"post","link":"https:\/\/zonaroja.com.mx\/?p=45604","title":{"rendered":"M\u00e9xico supera las 31 mil personas desaparecidas en tres a\u00f1os"},"content":{"rendered":"\n<p>Redacci\u00f3n\/Zona Roja Cdmx.<\/p>\n\n\n\n<p>Ciudad de M\u00e9xico, a 9 de septiembre de 2022.- El gobierno del Presidente Andr\u00e9s Manuel L\u00f3pez Obrador, de acuerdo con su cuarto Informe de Gobierno, es la administraci\u00f3n en la que m\u00e1s se ha agravado el aumento exponencial de personas desaparecidas en el pa\u00eds.<\/p>\n\n\n\n<p>As\u00ed, en los primeros cuatro a\u00f1os del gobierno del pol\u00edtico tabasque\u00f1o, el n\u00famero de personas desaparecidas y no localizadas aument\u00f3 300 por ciento en comparaci\u00f3n con el mismo lapso del gobierno de Felipe Calder\u00f3n y 60 por ciento respecto del gobierno de Enrique Pe\u00f1a Nieto.<\/p>\n\n\n\n<p>Cifras al 30 de junio publicadas en el documento entregado el 1 de septiembre pasado al Congreso de la Uni\u00f3n revelan que entre 2019 y 2022, de la administraci\u00f3n lopezobradorista, se han registrado 31 mil 725 personas desaparecidas, faltando a\u00fan seis meses para que termine el a\u00f1o.<\/p>\n\n\n\n<p>En tanto, en los primeros cuatro a\u00f1os del calderonismo se registraron 7 mil 900 y, en el mismo lapso del pe\u00f1ismo, 19 mil 854 personas desaparecidas y no localizadas.<\/p>\n\n\n\n<p>El documento entregado por el secretario de Gobernaci\u00f3n, Ad\u00e1n Augusto L\u00f3pez Hern\u00e1ndez, reconoce que al 30 de junio se tienen registradas 100 mil 898 personas como desaparecidas y no localizadas.<\/p>\n\n\n\n<p>Sin embargo, hasta el d\u00eda de ayer, el Registro Nacional de Personas Desaparecidas y No Localizadas, de la Secretar\u00eda de Gobernaci\u00f3n, report\u00f3 105 mil 488 personas desaparecidas.<\/p>\n\n\n\n<p>Lo anterior implica que, entre el 30 de junio y el 7 de septiembre, es decir, en s\u00f3lo dos meses y siete d\u00edas, 4 mil 590 personas desaparecieron.<\/p>\n\n\n\n<p>Ante esta situaci\u00f3n, de acuerdo con el cuarto Informe de Gobierno del presidente L\u00f3pez Obrador, enfrentar la crisis en materia de personas desaparecidas ha sido una de las prioridades del Ejecutivo federal.<\/p>\n\n\n\n<p>(Informaci\u00f3n de \u201cEl Financiero\u201d)<\/p>\n","protected":false},"excerpt":{"rendered":"<p>Redacci\u00f3n\/Zona Roja Cdmx. Ciudad de M\u00e9xico, a 9 de septiembre de 2022.- El gobierno del&hellip;<\/p>\n","protected":false},"author":2,"featured_media":40067,"comment_status":"closed","ping_status":"open","sticky":false,"template":"","format":"standard","meta":{"_lmt_disableupdate":"","_lmt_disable":"","_jetpack_memberships_contains_paid_content":false,"footnotes":""},"categories":[109,47],"tags":[3252],"class_list":["post-45604","post","type-post","status-publish","format-standard","has-post-thumbnail","hentry","category-minuto-a-minuto","category-zona-gris","tag-personas-desaparecidas-en-mexico"],"jetpack_featured_media_url":"https:\/\/zonaroja.com.mx\/wp-content\/uploads\/2022\/04\/Buscadoras-desaparecidos-busqueda-.jpg","jetpack_sharing_enabled":true,"_links":{"self":[{"href":"https:\/\/zonaroja.com.mx\/index.php?rest_route=\/wp\/v2\/posts\/45604","targetHints":{"allow":["GET"]}}],"collection":[{"href":"https:\/\/zonaroja.com.mx\/index.php?rest_route=\/wp\/v2\/posts"}],"about":[{"href":"https:\/\/zonaroja.com.mx\/index.php?rest_route=\/wp\/v2\/types\/post"}],"author":[{"embeddable":true,"href":"https:\/\/zonaroja.com.mx\/index.php?rest_route=\/wp\/v2\/users\/2"}],"replies":[{"embeddable":true,"href":"https:\/\/zonaroja.com.mx\/index.php?rest_route=%2Fwp%2Fv2%2Fcomments&post=45604"}],"version-history":[{"count":1,"href":"https:\/\/zonaroja.com.mx\/index.php?rest_route=\/wp\/v2\/posts\/45604\/revisions"}],"predecessor-version":[{"id":45605,"href":"https:\/\/zonaroja.com.mx\/index.php?rest_route=\/wp\/v2\/posts\/45604\/revisions\/45605"}],"wp:featuredmedia":[{"embeddable":true,"href":"https:\/\/zonaroja.com.mx\/index.php?rest_route=\/wp\/v2\/media\/40067"}],"wp:attachment":[{"href":"https:\/\/zonaroja.com.mx\/index.php?rest_route=%2Fwp%2Fv2%2Fmedia&parent=45604"}],"wp:term":[{"taxonomy":"category","embeddable":true,"href":"https:\/\/zonaroja.com.mx\/index.php?rest_route=%2Fwp%2Fv2%2Fcategories&post=45604"},{"taxonomy":"post_tag","embeddable":true,"href":"https:\/\/zonaroja.com.mx\/index.php?rest_route=%2Fwp%2Fv2%2Ftags&post=45604"}],"curies":[{"name":"wp","href":"https:\/\/api.w.org\/{rel}","templated":true}]}}