{"id":45606,"date":"2022-09-09T07:07:22","date_gmt":"2022-09-09T12:07:22","guid":{"rendered":"http:\/\/www.zonaroja.com.mx\/?p=45606"},"modified":"2022-09-09T07:07:22","modified_gmt":"2022-09-09T12:07:22","slug":"aprueba-senado-pasar-guardia-nacional-a-sedena-monreal-se-abstiene","status":"publish","type":"post","link":"https:\/\/zonaroja.com.mx\/?p=45606","title":{"rendered":"Aprueba Senado pasar Guardia Nacional a Sedena; Monreal se abstiene"},"content":{"rendered":"\n<p>Redacci\u00f3n\/Zona Roja Cdmx.<\/p>\n\n\n\n<p>Ciudad de M\u00e9xico, a 9 de septiembre de 2022.- Con el voto de Morena y sus aliados y luego de un largo y accidentado debate, que lleg\u00f3 al insulto y la descalificaci\u00f3n, el Senado aprob\u00f3 esta madrugada la minuta que deja en la Secretar\u00eda de la Defensa Nacional (Sedena) el control operativo y administrativo de la Guardia Nacional (GN) y la remiti\u00f3 al Ejecutivo federal para su promulgaci\u00f3n.<\/p>\n\n\n\n<p>La votaci\u00f3n en lo general fue de 71 a favor, 51 en contra y una abstenci\u00f3n, esta \u00faltima del coordinador de Morena, Ricardo Monreal, quien tampoco particip\u00f3 en el debate y hab\u00eda expresado con anterioridad que se requer\u00eda una reforma constitucional, no las modificaciones a leyes secundarias propuestas por el Presidente aprobadas anoche.<\/p>\n\n\n\n<p>Durante m\u00e1s de 12 horas, 60 oradores subieron a tribuna y los senadores de Morena se confrontaron con una oposici\u00f3n que en todo momento insisti\u00f3 en que con esa reforma se avanza a la militarizaci\u00f3n del pa\u00eds.&nbsp;<\/p>\n\n\n\n<p>Pri\u00edstas, panistas, perredistas y legisladores de MC aprovecharon adem\u00e1s para criticar la pol\u00edtica de seguridad p\u00fablica del gobierno federal e incluso la actuaci\u00f3n de las fuerzas armadas.<\/p>\n\n\n\n<p>La presidenta de la Comisi\u00f3n de Justicia, Olga S\u00e1nchez Cordero, recalc\u00f3, al presentar el dictamen, que la reforma no significa \u201cun cheque en blanco\u201d para la Guardia Nacional y sus mandos, ya que la corporaci\u00f3n deber\u00e1 rendir informes oportunos y amplios al Senado, c\u00e1mara que deber\u00e1 seguir su desempe\u00f1o.<\/p>\n\n\n\n<p>Sin embargo, legisladores de PAN, PRI, PRD, MC y Grupo plural insistieron en que se da un poder desmedido al Ej\u00e9rcito.&nbsp;<\/p>\n\n\n\n<p>La pri\u00edsta Beatriz Paredes sostuvo que \u201cno se deben generar tentaciones que en M\u00e9xico no exist\u00edan\u201d y su compa\u00f1era de bancada Claudia Ruiz Massieu recalc\u00f3 que s\u00f3lo se lograr\u00e1 desgastar a las fuerzas armadas al dejarles las tareas policiacas.<\/p>\n\n\n\n<p>El panista Julen Rementer\u00eda, que de entrada propuso posponer el debate y acudir a parlamento abierto, acus\u00f3 luego ante el pleno al Ejecutivo federal de querer dejar la responsabilidad de \u201csu fallida estrategia\u201d al Ej\u00e9rcito.<\/p>\n\n\n\n<p>El coordinador de MC, Clemente Casta\u00f1eda, insisti\u00f3 en que por esta reforma, que \u201cdesnaturaliza y debilita\u201d a las fuerzas armadas, L\u00f3pez Obrador no se equipar\u00e1 a Ju\u00e1rez y C\u00e1rdenas, \u201csino a D\u00edaz Ordaz y Echeverr\u00eda\u201d.<\/p>\n\n\n\n<p>Germ\u00e1n Mart\u00ednez, del Grupo Plural, advirti\u00f3 que tal como lo determin\u00f3 Benito Ju\u00e1rez, no se debe dar todo el poder al Ej\u00e9rcito y desde el pleno sostuvo que, as\u00ed como \u201chay militares leales a la Rep\u00fablica\u201d, tambi\u00e9n hay \u201chijos de la chingada\u201d.<\/p>\n\n\n\n<p>Igualmente, el senador del PT Gonzalo Y\u00e1\u00f1ez resalt\u00f3 que el Ejecutivo federal no se viste de militar, ni utiliza a las fuerzas armadas para la represi\u00f3n pol\u00edtica o la desaparici\u00f3n forzada de opositores o dirigentes sociales.<\/p>\n\n\n\n<p>Cerca de las 23:00 horas, una intervenci\u00f3n de la panista Lily T\u00e9llez, en la que llen\u00f3 de insultos al presidente L\u00f3pez Obrador, al que acus\u00f3 de nexos con el crimen organizado, enardeci\u00f3 los \u00e1nimos. La morenista Lucy Meza la llam\u00f3 \u201cvulgar traidora e ingrata\u201d y la ex conductora de televisi\u00f3n respondi\u00f3 a gritos que \u201ceran unos agachones\u201d.<\/p>\n\n\n\n<p>\u201cTraidora, traidora\u201d, le gritaron a su vez en coro las morenistas\u201d. Despu\u00e9s del escen\u00f3n, el debate continu\u00f3, con las mismas acusaciones opositoras. Al final se rechazaron todas las reservas presentadas por la oposici\u00f3n.<\/p>\n\n\n\n<p>(Informaci\u00f3n de \u00abLa Jornada\u00bb)<\/p>\n","protected":false},"excerpt":{"rendered":"<p>Redacci\u00f3n\/Zona Roja Cdmx. Ciudad de M\u00e9xico, a 9 de septiembre de 2022.- Con el voto&hellip;<\/p>\n","protected":false},"author":2,"featured_media":45607,"comment_status":"closed","ping_status":"open","sticky":false,"template":"","format":"standard","meta":{"_lmt_disableupdate":"","_lmt_disable":"","_jetpack_memberships_contains_paid_content":false,"footnotes":""},"categories":[109,47],"tags":[],"class_list":["post-45606","post","type-post","status-publish","format-standard","has-post-thumbnail","hentry","category-minuto-a-minuto","category-zona-gris"],"jetpack_featured_media_url":"https:\/\/zonaroja.com.mx\/wp-content\/uploads\/2022\/09\/Votacion-Senado-Guardia-Nacional.jpeg","jetpack_sharing_enabled":true,"_links":{"self":[{"href":"https:\/\/zonaroja.com.mx\/index.php?rest_route=\/wp\/v2\/posts\/45606","targetHints":{"allow":["GET"]}}],"collection":[{"href":"https:\/\/zonaroja.com.mx\/index.php?rest_route=\/wp\/v2\/posts"}],"about":[{"href":"https:\/\/zonaroja.com.mx\/index.php?rest_route=\/wp\/v2\/types\/post"}],"author":[{"embeddable":true,"href":"https:\/\/zonaroja.com.mx\/index.php?rest_route=\/wp\/v2\/users\/2"}],"replies":[{"embeddable":true,"href":"https:\/\/zonaroja.com.mx\/index.php?rest_route=%2Fwp%2Fv2%2Fcomments&post=45606"}],"version-history":[{"count":1,"href":"https:\/\/zonaroja.com.mx\/index.php?rest_route=\/wp\/v2\/posts\/45606\/revisions"}],"predecessor-version":[{"id":45608,"href":"https:\/\/zonaroja.com.mx\/index.php?rest_route=\/wp\/v2\/posts\/45606\/revisions\/45608"}],"wp:featuredmedia":[{"embeddable":true,"href":"https:\/\/zonaroja.com.mx\/index.php?rest_route=\/wp\/v2\/media\/45607"}],"wp:attachment":[{"href":"https:\/\/zonaroja.com.mx\/index.php?rest_route=%2Fwp%2Fv2%2Fmedia&parent=45606"}],"wp:term":[{"taxonomy":"category","embeddable":true,"href":"https:\/\/zonaroja.com.mx\/index.php?rest_route=%2Fwp%2Fv2%2Fcategories&post=45606"},{"taxonomy":"post_tag","embeddable":true,"href":"https:\/\/zonaroja.com.mx\/index.php?rest_route=%2Fwp%2Fv2%2Ftags&post=45606"}],"curies":[{"name":"wp","href":"https:\/\/api.w.org\/{rel}","templated":true}]}}