{"id":45617,"date":"2022-09-09T07:54:13","date_gmt":"2022-09-09T12:54:13","guid":{"rendered":"http:\/\/www.zonaroja.com.mx\/?p=45617"},"modified":"2022-09-09T07:54:14","modified_gmt":"2022-09-09T12:54:14","slug":"en-oaxaca-sujeto-rocia-gasolina-a-una-mujer-y-le-prende-fuego-fue-detenido","status":"publish","type":"post","link":"https:\/\/zonaroja.com.mx\/?p=45617","title":{"rendered":"En Oaxaca, sujeto roc\u00eda gasolina a una mujer y le prende fuego; fue detenido"},"content":{"rendered":"\n<p>Redacci\u00f3n\/Zona Roja.\u00a0Foto: Ilustraci\u00f3n<\/p>\n\n\n\n<p>Oaxaca de Ju\u00e1rez, Oax., a 9 de septiembre de 2022.- La Fiscal\u00eda General del Estado de Oaxaca (FGEO) inici\u00f3 una Carpeta de Investigaci\u00f3n por el delito de tentativa de feminicidio, derivada de la agresi\u00f3n que sufri\u00f3 una mujer en la localidad de San Andr\u00e9s Copala, perteneciente a San Pedro Mixtepec.\u00a0Por estos hechos, est\u00e1 detenida una persona del sexo masculino.\u00a0<\/p>\n\n\n\n<p>El delito fue cometido la tarde del 7 de septiembre de 2022, cuando el agresor lleg\u00f3 al lugar de trabajo de la v\u00edctima (cuya identidad est\u00e1 reservada por ley) a quien le roci\u00f3 combustible y enseguida le prendi\u00f3 fuego.<\/p>\n\n\n\n<p>El probable responsable de los hechos fue detenido en el lugar y puesto a disposici\u00f3n de la Fiscal\u00eda de Oaxaca que realiza los trabajos necesarios, a trav\u00e9s de la Vicefiscal\u00eda Regional de la Costa, para llevarlo ante el juez.<\/p>\n\n\n\n<p>En tanto que, la mujer agredida sufri\u00f3 lesiones graves por lo que qued\u00f3 internada en un hospital donde actualmente recibe atenci\u00f3n m\u00e9dica.<\/p>\n\n\n\n<p>Al tener conocimiento de los hechos, la FGEO inici\u00f3 la carpeta de investigaci\u00f3n 31069\/FCOS\/PUERTO\/2022 por el delito de tentativa de feminicidio.<\/p>\n\n\n\n<p>Adem\u00e1s, se gir\u00f3 oficio a la Agencia Estatal de Investigaciones Especializada en Delitos Contra la Mujer por Raz\u00f3n de G\u00e9nero para realizar las primeras diligencias, actos de investigaci\u00f3n que se sumaron a la declaraci\u00f3n de la v\u00edctima.<\/p>\n\n\n\n<p>AGRESOR DE MUJERES<\/p>\n\n\n\n<p>En otro caso, la Fiscal\u00eda General del Estado de Oaxaca (FGEO) obtuvo, del Juzgado de Control, auto de vinculaci\u00f3n a proceso contra la persona del sexo masculino identificada como J. P. E., probable responsable del delito de tentativa de homicidio calificado en agravio de dos personas del sexo femenino, cometido en la ciudad de Oaxaca de Ju\u00e1rez, en la regi\u00f3n de Valles Centrales.<\/p>\n\n\n\n<p>De acuerdo con la causa penal 1047\/2022, el 5 de septiembre de 2022, el imputado probablemente agredi\u00f3 con un arma blanca a las v\u00edctimas A. J. C. y V. E. L. R., ocasion\u00e1ndoles lesiones que pusieron en riesgo su vida, cuando se encontraban en el interior de un domicilio ubicado en la colonia Casa Blanca de la agencia de San Mart\u00edn Mexicapan.<\/p>\n\n\n\n<p>Minutos despu\u00e9s de la agresi\u00f3n, el imputado fue detenido por elementos de la polic\u00eda municipal, quienes lo pusieron a disposici\u00f3n de la FGEO.<\/p>\n\n\n\n<p>Luego de ser llevado a audiencia y tras validar los datos de prueba aportados por la Fiscal\u00eda Especializada en Atenci\u00f3n a Delitos contra la Mujer por Raz\u00f3n de G\u00e9nero, el Juez en turno determin\u00f3 vincular a proceso a J. P. E., imponiendo la medida cautelar de prisi\u00f3n preventiva y otorg\u00f3 tres meses para el cierre de investigaci\u00f3n complementaria.<\/p>\n\n\n\n<p>La Fiscal\u00eda General realiza investigaciones exhaustivas que permitan aplicar todo el rigor de la Ley a quienes vulneren los derechos y la integridad de mujeres, ni\u00f1as y adolescentes.<\/p>\n","protected":false},"excerpt":{"rendered":"<p>Redacci\u00f3n\/Zona Roja.\u00a0Foto: Ilustraci\u00f3n Oaxaca de Ju\u00e1rez, Oax., a 9 de septiembre de 2022.- La Fiscal\u00eda&hellip;<\/p>\n","protected":false},"author":2,"featured_media":45618,"comment_status":"closed","ping_status":"open","sticky":false,"template":"","format":"standard","meta":{"_lmt_disableupdate":"","_lmt_disable":"","_jetpack_memberships_contains_paid_content":false,"footnotes":""},"categories":[109,46],"tags":[494],"class_list":["post-45617","post","type-post","status-publish","format-standard","has-post-thumbnail","hentry","category-minuto-a-minuto","category-zona-blanca","tag-fiscalia-general-del-estado-de-oaxaca"],"jetpack_featured_media_url":"https:\/\/zonaroja.com.mx\/wp-content\/uploads\/2022\/09\/Rocia-gasolina-y-prende-fuego-.jpeg","jetpack_sharing_enabled":true,"_links":{"self":[{"href":"https:\/\/zonaroja.com.mx\/index.php?rest_route=\/wp\/v2\/posts\/45617","targetHints":{"allow":["GET"]}}],"collection":[{"href":"https:\/\/zonaroja.com.mx\/index.php?rest_route=\/wp\/v2\/posts"}],"about":[{"href":"https:\/\/zonaroja.com.mx\/index.php?rest_route=\/wp\/v2\/types\/post"}],"author":[{"embeddable":true,"href":"https:\/\/zonaroja.com.mx\/index.php?rest_route=\/wp\/v2\/users\/2"}],"replies":[{"embeddable":true,"href":"https:\/\/zonaroja.com.mx\/index.php?rest_route=%2Fwp%2Fv2%2Fcomments&post=45617"}],"version-history":[{"count":1,"href":"https:\/\/zonaroja.com.mx\/index.php?rest_route=\/wp\/v2\/posts\/45617\/revisions"}],"predecessor-version":[{"id":45619,"href":"https:\/\/zonaroja.com.mx\/index.php?rest_route=\/wp\/v2\/posts\/45617\/revisions\/45619"}],"wp:featuredmedia":[{"embeddable":true,"href":"https:\/\/zonaroja.com.mx\/index.php?rest_route=\/wp\/v2\/media\/45618"}],"wp:attachment":[{"href":"https:\/\/zonaroja.com.mx\/index.php?rest_route=%2Fwp%2Fv2%2Fmedia&parent=45617"}],"wp:term":[{"taxonomy":"category","embeddable":true,"href":"https:\/\/zonaroja.com.mx\/index.php?rest_route=%2Fwp%2Fv2%2Fcategories&post=45617"},{"taxonomy":"post_tag","embeddable":true,"href":"https:\/\/zonaroja.com.mx\/index.php?rest_route=%2Fwp%2Fv2%2Ftags&post=45617"}],"curies":[{"name":"wp","href":"https:\/\/api.w.org\/{rel}","templated":true}]}}