{"id":45621,"date":"2022-09-09T08:19:50","date_gmt":"2022-09-09T13:19:50","guid":{"rendered":"http:\/\/www.zonaroja.com.mx\/?p=45621"},"modified":"2022-09-09T08:19:51","modified_gmt":"2022-09-09T13:19:51","slug":"asesinan-a-balazos-a-dos-individuos-en-zona-de-ocotlan-oaxaca","status":"publish","type":"post","link":"https:\/\/zonaroja.com.mx\/?p=45621","title":{"rendered":"Asesinan a balazos a dos individuos en zona de Ocotl\u00e1n, Oaxaca"},"content":{"rendered":"\n<p>Redacci\u00f3n\/Zona Roja.<\/p>\n\n\n\n<p>Oaxaca de Ju\u00e1rez, Oax., a 9 de septiembre de 2022.- Dos personas del sexo masculino fueron ejecutadas a balazos en San Pedro M\u00e1rtir, municipio del distrito de Ocotl\u00e1n, Oaxaca.<\/p>\n\n\n\n<p>El doble homicidio ocurri\u00f3 ayer por la tarde en la calle Emiliano Zapata, frente al pante\u00f3n municipal, donde localizaron una camioneta marca Nissan, color negra, con placas de circulaci\u00f3n RX-69532.<\/p>\n\n\n\n<p>Las v\u00edctimas fueron identificadas como Pedro Alfredo G. L., de aproximadamente 30 a\u00f1os de edad, y Criserio L. L., de 33 a\u00f1os, quienes presentan varios impactos de arma de fuego de grueso calibre.<\/p>\n\n\n\n<p>Un cuerpo se hall\u00f3 en el interior de la unidad de motor y otra en las cercan\u00edas; fueron identificados por sus familiares y a\u00fan se desconoce el m\u00f3vil del doble crimen.&nbsp;<\/p>\n\n\n\n<p>Hasta el momento no se ha reportado detenci\u00f3n de persona por estos casos y la Fiscal\u00eda General del Estado de Oaxaca inici\u00f3 la Carpeta de Investigaci\u00f3n correspondiente.<\/p>\n","protected":false},"excerpt":{"rendered":"<p>Redacci\u00f3n\/Zona Roja. Oaxaca de Ju\u00e1rez, Oax., a 9 de septiembre de 2022.- Dos personas del&hellip;<\/p>\n","protected":false},"author":2,"featured_media":45622,"comment_status":"closed","ping_status":"open","sticky":false,"template":"","format":"standard","meta":{"_lmt_disableupdate":"","_lmt_disable":"","_jetpack_memberships_contains_paid_content":false,"footnotes":""},"categories":[109,51],"tags":[1189],"class_list":["post-45621","post","type-post","status-publish","format-standard","has-post-thumbnail","hentry","category-minuto-a-minuto","category-zona-roja","tag-san-pedro-martir"],"jetpack_featured_media_url":"https:\/\/zonaroja.com.mx\/wp-content\/uploads\/2022\/09\/Ejecutados-San-Pedro-Martir.jpg","jetpack_sharing_enabled":true,"_links":{"self":[{"href":"https:\/\/zonaroja.com.mx\/index.php?rest_route=\/wp\/v2\/posts\/45621","targetHints":{"allow":["GET"]}}],"collection":[{"href":"https:\/\/zonaroja.com.mx\/index.php?rest_route=\/wp\/v2\/posts"}],"about":[{"href":"https:\/\/zonaroja.com.mx\/index.php?rest_route=\/wp\/v2\/types\/post"}],"author":[{"embeddable":true,"href":"https:\/\/zonaroja.com.mx\/index.php?rest_route=\/wp\/v2\/users\/2"}],"replies":[{"embeddable":true,"href":"https:\/\/zonaroja.com.mx\/index.php?rest_route=%2Fwp%2Fv2%2Fcomments&post=45621"}],"version-history":[{"count":1,"href":"https:\/\/zonaroja.com.mx\/index.php?rest_route=\/wp\/v2\/posts\/45621\/revisions"}],"predecessor-version":[{"id":45623,"href":"https:\/\/zonaroja.com.mx\/index.php?rest_route=\/wp\/v2\/posts\/45621\/revisions\/45623"}],"wp:featuredmedia":[{"embeddable":true,"href":"https:\/\/zonaroja.com.mx\/index.php?rest_route=\/wp\/v2\/media\/45622"}],"wp:attachment":[{"href":"https:\/\/zonaroja.com.mx\/index.php?rest_route=%2Fwp%2Fv2%2Fmedia&parent=45621"}],"wp:term":[{"taxonomy":"category","embeddable":true,"href":"https:\/\/zonaroja.com.mx\/index.php?rest_route=%2Fwp%2Fv2%2Fcategories&post=45621"},{"taxonomy":"post_tag","embeddable":true,"href":"https:\/\/zonaroja.com.mx\/index.php?rest_route=%2Fwp%2Fv2%2Ftags&post=45621"}],"curies":[{"name":"wp","href":"https:\/\/api.w.org\/{rel}","templated":true}]}}