{"id":45624,"date":"2022-09-09T10:20:00","date_gmt":"2022-09-09T15:20:00","guid":{"rendered":"http:\/\/www.zonaroja.com.mx\/?p=45624"},"modified":"2022-09-09T08:30:43","modified_gmt":"2022-09-09T13:30:43","slug":"plantean-en-congreso-de-oaxaca-disminuir-salario-de-proximo-gobernador","status":"publish","type":"post","link":"https:\/\/zonaroja.com.mx\/?p=45624","title":{"rendered":"Plantean en Congreso de Oaxaca disminuir salario de pr\u00f3ximo gobernador"},"content":{"rendered":"\n<p>Redacci\u00f3n\/Zona Roja.<\/p>\n\n\n\n<p>Oaxaca de Ju\u00e1rez, Oax., a 9 de septiembre de 2022.- Con el fin de concretar en los hechos la austeridad en el pr\u00f3ximo sexenio, el Congreso del Estado analiza una propuesta de reducir los ingresos de los m\u00e1s altos cargos del Poder Ejecutivo, incluyendo el gobernador.<\/p>\n\n\n\n<p>El planteamiento fue hecho por el diputado Horacio Sosa Villavicencio , en que detalla que el pago mensual al actual mandatario, Alejandro Murat, asciende a a&nbsp;141&nbsp;mil&nbsp;470&nbsp;pesos&nbsp;mensuales.&nbsp;<\/p>\n\n\n\n<p>\u201cRecordemos que el sueldo del Presidente Andr\u00e9s Manuel L\u00f3pez Obrador asciende este a\u00f1o a 149 mil 386 pesos, es decir menos de ocho mil pesos de diferencia, cuando las responsabilidades son abismalmente distintas y el estado de Oaxaca es uno de los m\u00e1s pobres del pa\u00eds\u201d, dijo el pasado mi\u00e9rcoles.<\/p>\n\n\n\n<p>A\u00f1adi\u00f3 que con esa referencia, se considera que lo previsto en el presupuesto debe ser no m\u00e1s de 110 mil pesos&nbsp;al mes.<\/p>\n\n\n\n<p>Asimismo, disminuir la percepci\u00f3n de las personas titulares de las&nbsp;secretar\u00edas&nbsp;y subsecretar\u00edas&nbsp;del Poder Ejecutivo, de 70&nbsp;mil&nbsp;619.25 pesos a 70&nbsp;mil&nbsp;pesos, y de 63&nbsp;mil&nbsp;535&nbsp;pesos&nbsp;a 60&nbsp;mil&nbsp;pesos, respectivamente.&nbsp;<\/p>\n\n\n\n<p>\u201cComo se ve, es una peque\u00f1a disminuci\u00f3n, pero con ello, el ahorro en sueldos y salarios de los altos funcionarios del Poder Ejecutivo ascender\u00eda a&nbsp;poco menos de dos millones de&nbsp;pesos&nbsp;en el a\u00f1o\u201d, manifest\u00f3 el militante del Partido Morena.<\/p>\n\n\n\n<p>\u201cObservamos tambi\u00e9n&nbsp;que&nbsp;en el Presupuesto vigente, la Consejer\u00eda Jur\u00eddica tiene recursos asignados por 351millones&nbsp;447&nbsp;mil&nbsp;480&nbsp;pesos.&nbsp;Adem\u00e1s de ser un monto incompatible con el principio de austeridad, es absurdamente desproporcionado para las funciones&nbsp;de&nbsp;esa instancia, cuyas tareas no tienen por qu\u00e9 costar m\u00e1s que los sueldos de quienes ah\u00ed trabajan\u201d.&nbsp;<\/p>\n\n\n\n<p>Por ello, plante\u00f3 entonces dejar solamente 40 millones de pesos, cantidad sobrada para el pago de personal y los insumos materiales que requieran sus funciones.<\/p>\n\n\n\n<p>\u201cEsas dos reducciones&nbsp;permitir\u00edan&nbsp;al Ejecutivo disponer de 313&nbsp;millones&nbsp;364&nbsp;mil pesos&nbsp;para&nbsp;para llevar adelante los programas sociales que necesita la poblaci\u00f3n del estado\u201d, agreg\u00f3 Sosa Villavicencio.<\/p>\n\n\n\n<p>Por ello, consider\u00f3 pertinente que el Congreso del Estado exhorte al titular del Poder Ejecutivo a que, en uso de sus facultades, presente un proyecto de Presupuesto de Egresos que&nbsp;se ajuste a&nbsp;los postulados de austeridad que deben regir en el pr\u00f3ximo gobierno del estado.<\/p>\n","protected":false},"excerpt":{"rendered":"<p>Redacci\u00f3n\/Zona Roja. Oaxaca de Ju\u00e1rez, Oax., a 9 de septiembre de 2022.- Con el fin&hellip;<\/p>\n","protected":false},"author":2,"featured_media":29476,"comment_status":"closed","ping_status":"open","sticky":false,"template":"","format":"standard","meta":{"_lmt_disableupdate":"","_lmt_disable":"","_jetpack_memberships_contains_paid_content":false,"footnotes":""},"categories":[109,46],"tags":[444],"class_list":["post-45624","post","type-post","status-publish","format-standard","has-post-thumbnail","hentry","category-minuto-a-minuto","category-zona-blanca","tag-horacio-sosa-villavicencio"],"jetpack_featured_media_url":"https:\/\/zonaroja.com.mx\/wp-content\/uploads\/2021\/07\/Horacio-Sosa-Villavicencio-1.jpeg","jetpack_sharing_enabled":true,"_links":{"self":[{"href":"https:\/\/zonaroja.com.mx\/index.php?rest_route=\/wp\/v2\/posts\/45624","targetHints":{"allow":["GET"]}}],"collection":[{"href":"https:\/\/zonaroja.com.mx\/index.php?rest_route=\/wp\/v2\/posts"}],"about":[{"href":"https:\/\/zonaroja.com.mx\/index.php?rest_route=\/wp\/v2\/types\/post"}],"author":[{"embeddable":true,"href":"https:\/\/zonaroja.com.mx\/index.php?rest_route=\/wp\/v2\/users\/2"}],"replies":[{"embeddable":true,"href":"https:\/\/zonaroja.com.mx\/index.php?rest_route=%2Fwp%2Fv2%2Fcomments&post=45624"}],"version-history":[{"count":1,"href":"https:\/\/zonaroja.com.mx\/index.php?rest_route=\/wp\/v2\/posts\/45624\/revisions"}],"predecessor-version":[{"id":45625,"href":"https:\/\/zonaroja.com.mx\/index.php?rest_route=\/wp\/v2\/posts\/45624\/revisions\/45625"}],"wp:featuredmedia":[{"embeddable":true,"href":"https:\/\/zonaroja.com.mx\/index.php?rest_route=\/wp\/v2\/media\/29476"}],"wp:attachment":[{"href":"https:\/\/zonaroja.com.mx\/index.php?rest_route=%2Fwp%2Fv2%2Fmedia&parent=45624"}],"wp:term":[{"taxonomy":"category","embeddable":true,"href":"https:\/\/zonaroja.com.mx\/index.php?rest_route=%2Fwp%2Fv2%2Fcategories&post=45624"},{"taxonomy":"post_tag","embeddable":true,"href":"https:\/\/zonaroja.com.mx\/index.php?rest_route=%2Fwp%2Fv2%2Ftags&post=45624"}],"curies":[{"name":"wp","href":"https:\/\/api.w.org\/{rel}","templated":true}]}}