{"id":45627,"date":"2022-09-09T14:14:08","date_gmt":"2022-09-09T19:14:08","guid":{"rendered":"https:\/\/www.zonaroja.com.mx\/?p=45627"},"modified":"2022-09-09T14:16:20","modified_gmt":"2022-09-09T19:16:20","slug":"azuza-uriel-diaz-caballero-violencia-en-san-francisco-telixtlahuaca","status":"publish","type":"post","link":"https:\/\/zonaroja.com.mx\/?p=45627","title":{"rendered":"Azuza Uriel D\u00edaz Caballero violencia en San Francisco Telixtlahuaca"},"content":{"rendered":"\n<p>Redacci\u00f3n\/Zona Roja.&nbsp;<\/p>\n\n\n\n<p>Oaxaca de Ju\u00e1rez, Oax., a 9 de septiembre de 2022.- Un grupo de personas bloquea desde la ma\u00f1ana de hoy la carretera de acceso a San Francisco Telixtlahuaca, distrito de Etla, ruta tambi\u00e9n hacia la regi\u00f3n Ca\u00f1ada del estado.&nbsp;<\/p>\n\n\n\n<p>Los habitantes de la poblaci\u00f3n culpan de los hechos a Uriel D\u00edaz Caballero, quien aseguran est\u00e1 acostumbrado a vivir del erario y ahora pretende desestabilizar en Telixtlahuaca, donde a base de chantaje pretende ingresar a la n\u00f3mina y por no lograrlo, ha decidido bloquear el acceso con un minoritario grupo de personas.<\/p>\n\n\n\n<p>El ex militante del MULT, quien fue duramente cuestiondo en el Partido Unidad Popular (PUP), donde fue acusado de corrupci\u00f3n, bloque\u00f3 la entrada principal, a la altura de una caseta de vigilancia.<\/p>\n\n\n\n<p>De acuerdo con habitantes del casco, Uriel D\u00edaz busca su beneficio porque no le gusta someterse a los ordenamientos de los municipios, como es el caso de Telixtlahuaca, donde el MULT tiene propiedades del extinto Heriberto Pazos.&nbsp;<\/p>\n\n\n\n<p>Incluso lo relacionan con grupos delictivos que asaltan y roban a los trailer de materiales del tramo de la caseta de cobro de Huitzo a la caseta de cobro de la autopista.<\/p>\n\n\n\n<p>\u201cEs precisamente por este tema que se ha instalado una vigilancia en este punto, para tratar de reforzar la seguridad con las dem\u00e1s corporaciones policiales, y es a este sistema de seguridad al que Uriel D\u00edaz se opone\u201d indicaron los pobladores.&nbsp;<\/p>\n\n\n\n<p>Por ello, demandaron que la autoridad municipal no ceda a los chantajes de D\u00edaz Caballero y que el Gobierno del Estado aplique la ley en lo que le corresponda. <\/p>\n","protected":false},"excerpt":{"rendered":"<p>Redacci\u00f3n\/Zona Roja.&nbsp; Oaxaca de Ju\u00e1rez, Oax., a 9 de septiembre de 2022.- Un grupo de&hellip;<\/p>\n","protected":false},"author":2,"featured_media":45626,"comment_status":"closed","ping_status":"open","sticky":false,"template":"","format":"standard","meta":{"_lmt_disableupdate":"","_lmt_disable":"","_jetpack_memberships_contains_paid_content":false,"footnotes":""},"categories":[109,47],"tags":[],"class_list":["post-45627","post","type-post","status-publish","format-standard","has-post-thumbnail","hentry","category-minuto-a-minuto","category-zona-gris"],"jetpack_featured_media_url":"https:\/\/zonaroja.com.mx\/wp-content\/uploads\/2022\/09\/35624e0b-5827-444e-8f89-a0f53dcc41be.jpg","jetpack_sharing_enabled":true,"_links":{"self":[{"href":"https:\/\/zonaroja.com.mx\/index.php?rest_route=\/wp\/v2\/posts\/45627","targetHints":{"allow":["GET"]}}],"collection":[{"href":"https:\/\/zonaroja.com.mx\/index.php?rest_route=\/wp\/v2\/posts"}],"about":[{"href":"https:\/\/zonaroja.com.mx\/index.php?rest_route=\/wp\/v2\/types\/post"}],"author":[{"embeddable":true,"href":"https:\/\/zonaroja.com.mx\/index.php?rest_route=\/wp\/v2\/users\/2"}],"replies":[{"embeddable":true,"href":"https:\/\/zonaroja.com.mx\/index.php?rest_route=%2Fwp%2Fv2%2Fcomments&post=45627"}],"version-history":[{"count":1,"href":"https:\/\/zonaroja.com.mx\/index.php?rest_route=\/wp\/v2\/posts\/45627\/revisions"}],"predecessor-version":[{"id":45628,"href":"https:\/\/zonaroja.com.mx\/index.php?rest_route=\/wp\/v2\/posts\/45627\/revisions\/45628"}],"wp:featuredmedia":[{"embeddable":true,"href":"https:\/\/zonaroja.com.mx\/index.php?rest_route=\/wp\/v2\/media\/45626"}],"wp:attachment":[{"href":"https:\/\/zonaroja.com.mx\/index.php?rest_route=%2Fwp%2Fv2%2Fmedia&parent=45627"}],"wp:term":[{"taxonomy":"category","embeddable":true,"href":"https:\/\/zonaroja.com.mx\/index.php?rest_route=%2Fwp%2Fv2%2Fcategories&post=45627"},{"taxonomy":"post_tag","embeddable":true,"href":"https:\/\/zonaroja.com.mx\/index.php?rest_route=%2Fwp%2Fv2%2Ftags&post=45627"}],"curies":[{"name":"wp","href":"https:\/\/api.w.org\/{rel}","templated":true}]}}