{"id":45629,"date":"2022-09-09T18:33:39","date_gmt":"2022-09-09T23:33:39","guid":{"rendered":"http:\/\/www.zonaroja.com.mx\/?p=45629"},"modified":"2022-09-09T18:35:20","modified_gmt":"2022-09-09T23:35:20","slug":"cierra-semana-laboral-con-bloqueos-en-la-capital-y-en-la-sierra-sur","status":"publish","type":"post","link":"https:\/\/zonaroja.com.mx\/?p=45629","title":{"rendered":"Cierra semana laboral con bloqueos en la capital y en la Sierra Sur"},"content":{"rendered":"\n<p>Yuridiana Sosa\/ Zona Roja.<\/p>\n\n\n\n<p>Oaxaca de Ju\u00e1rez, Oax., 9 de septiembre de 2022.- La intervenci\u00f3n de la Secretar\u00eda General de Gobierno sobre la protesta de habitantes en la Sierra Sur no fue suficiente para concluir con un bloqueo desde hace cuatro d\u00edas, al tiempo que la Secci\u00f3n 22 del SNTE activa bloqueos en la capital, al cierre de la semana laboral.<\/p>\n\n\n\n<p>Con toma de autobuses y vallas humanas, docentes de la Secci\u00f3n 22 del Sindicato Nacional de Trabajadores de la Educaci\u00f3n (SNTE), del nivel de Educaci\u00f3n F\u00edsica, realizaron bloqueos en tres puntos de la capital del estado contra su misma dirigencia estatal.<\/p>\n\n\n\n<p>Los maestros exigen la emisi\u00f3n de la convocatoria de asamblea para este nivel para transparentar el proceso de inscripci\u00f3n de nuevas contrataciones, as\u00ed como de cambio de docentes.<\/p>\n\n\n\n<p>Para lo que \u201ctomaron\u201d unidades del transporte urbano para bloquear la avenida Divisi\u00f3n Oriente frente al Hotel del Magisterio donde se reuni\u00f3n la dirigencia; tambi\u00e9n cerraron el paso en la Calzada Madero, en inmediaciones del mismo complejo, mientras que en el Centro Hist\u00f3rico \u201ctomaron\u201d el Edificio de la gremial y cerraron la calle de Armenta y L\u00f3pez, Fiallo e Hidalgo.<\/p>\n\n\n\n<p>EN EL TEEO<\/p>\n\n\n\n<p>Por otra parte, personas con discapacidad se manifestaron frente a las oficinas del Tribunal Electoral del Estado de Oaxaca (TEEO) para exigir garant\u00edas a sus derechos pol\u00edtico electorales, pues consideran que a\u00fan no existe una inclusi\u00f3n total.<\/p>\n\n\n\n<p>Los inconformes bloquearon la calle de Amapolas en la colonia Reforma con el uso sillas de ruedas, cuerdas y un veh\u00edculo .<\/p>\n\n\n\n<p>SIN SOLUCI\u00d3N<\/p>\n\n\n\n<p>Por cuarto d\u00eda consecutivo, habitantes del municipio de San Mateo R\u00edo Hondo, en la Sierra Sur, contin\u00faan con un bloqueo en la carretera 175, en San Jos\u00e9 del Pac\u00edfico, pese a la intervenci\u00f3n de la Segego.<\/p>\n\n\n\n<p>Ante la falta de confianza de la Secretar\u00eda General de Gobierno para cumplir con los acuerdos en mesa de trabajo, los habitantes decidieron mantener el bloqueo, pero bajo la modalidad de intermitente, para permitir el tr\u00e1nsito de veh\u00edculos.<\/p>\n\n\n\n<p>Los habitantes exigen conocer el destino de los recursos federales por afectaciones del hurac\u00e1n \u201cAgatha\u201d, auditor\u00eda a los ramos 28 y 33 y se inicie un proceso de revocaci\u00f3n de mandato contra el presidente municipal y la s\u00edndica municipal por la v\u00eda jur\u00eddica.<\/p>\n\n\n\n<p>En tanto no se cumplan al 100 por ciento las exigencias, el bloqueo permanecer\u00e1, advirtieron.&nbsp;<\/p>\n\n\n\n<p>En San Francisco Telixtlahuaca, contin\u00faa el bloqueo por parte de un reducido grupo de habitantes de la localidad, presuntamente azuzados por el ex dirigente del MULT, Uriel D\u00edaz Caballero, a fin de acciones de revisi\u00f3n de la polic\u00eda municipal.<\/p>\n\n\n\n<p>Con ello se bloquea tambi\u00e9n el tr\u00e1nsito a la carretera a la regi\u00f3n Ca\u00f1ada del estado.<\/p>\n","protected":false},"excerpt":{"rendered":"<p>Yuridiana Sosa\/ Zona Roja. Oaxaca de Ju\u00e1rez, Oax., 9 de septiembre de 2022.- La intervenci\u00f3n&hellip;<\/p>\n","protected":false},"author":2,"featured_media":45630,"comment_status":"closed","ping_status":"open","sticky":false,"template":"","format":"standard","meta":{"_lmt_disableupdate":"","_lmt_disable":"","_jetpack_memberships_contains_paid_content":false,"footnotes":""},"categories":[109,47],"tags":[],"class_list":["post-45629","post","type-post","status-publish","format-standard","has-post-thumbnail","hentry","category-minuto-a-minuto","category-zona-gris"],"jetpack_featured_media_url":"https:\/\/zonaroja.com.mx\/wp-content\/uploads\/2022\/09\/Bloqueo-centro-de-la-ciudad.jpeg","jetpack_sharing_enabled":true,"_links":{"self":[{"href":"https:\/\/zonaroja.com.mx\/index.php?rest_route=\/wp\/v2\/posts\/45629","targetHints":{"allow":["GET"]}}],"collection":[{"href":"https:\/\/zonaroja.com.mx\/index.php?rest_route=\/wp\/v2\/posts"}],"about":[{"href":"https:\/\/zonaroja.com.mx\/index.php?rest_route=\/wp\/v2\/types\/post"}],"author":[{"embeddable":true,"href":"https:\/\/zonaroja.com.mx\/index.php?rest_route=\/wp\/v2\/users\/2"}],"replies":[{"embeddable":true,"href":"https:\/\/zonaroja.com.mx\/index.php?rest_route=%2Fwp%2Fv2%2Fcomments&post=45629"}],"version-history":[{"count":1,"href":"https:\/\/zonaroja.com.mx\/index.php?rest_route=\/wp\/v2\/posts\/45629\/revisions"}],"predecessor-version":[{"id":45631,"href":"https:\/\/zonaroja.com.mx\/index.php?rest_route=\/wp\/v2\/posts\/45629\/revisions\/45631"}],"wp:featuredmedia":[{"embeddable":true,"href":"https:\/\/zonaroja.com.mx\/index.php?rest_route=\/wp\/v2\/media\/45630"}],"wp:attachment":[{"href":"https:\/\/zonaroja.com.mx\/index.php?rest_route=%2Fwp%2Fv2%2Fmedia&parent=45629"}],"wp:term":[{"taxonomy":"category","embeddable":true,"href":"https:\/\/zonaroja.com.mx\/index.php?rest_route=%2Fwp%2Fv2%2Fcategories&post=45629"},{"taxonomy":"post_tag","embeddable":true,"href":"https:\/\/zonaroja.com.mx\/index.php?rest_route=%2Fwp%2Fv2%2Ftags&post=45629"}],"curies":[{"name":"wp","href":"https:\/\/api.w.org\/{rel}","templated":true}]}}