{"id":4563,"date":"2019-10-05T07:27:48","date_gmt":"2019-10-05T12:27:48","guid":{"rendered":"http:\/\/www.zonaroja.com.mx\/?p=4563"},"modified":"2019-10-05T07:28:59","modified_gmt":"2019-10-05T12:28:59","slug":"tras-bloqueos-en-cdmx-logran-acuerdos-elementos-de-la-policia-federal","status":"publish","type":"post","link":"https:\/\/zonaroja.com.mx\/?p=4563","title":{"rendered":"Tras bloqueos en Cdmx, logran acuerdos elementos de la Polic\u00eda Federal"},"content":{"rendered":"\n<p>Redacci\u00f3n\/Zona Roja.<\/p>\n\n\n\n<p>Foto: Especial<\/p>\n\n\n\n<p>Ciudad de M\u00e9xico, 5 de octubre de 2019.-\nTras m\u00e1s de cinco horas de bloqueos a vialidades de acceso al Aeropuerto\nInternacional de la Ciudad de M\u00e9xico, polic\u00edas federales que exigen\nindemnizaciones y se oponen a ingresar a la Guardia Nacional, fueron atendidos.<\/p>\n\n\n\n<p>Los agentes cerraron el Perif\u00e9rico Sur,\nfrente a la Torre Pedregal, sede de la Guardia Nacional; en avenida Vallejo;\nCentro de Mando, en Iztapalapa; y en Circuito Interior, a la altura de la\nTerminal 1 del aeropuerto.<\/p>\n\n\n\n<p>Al retirar el bloqueo, el abogado de los polic\u00edas federales, Enrique Carpizo, inform\u00f3 que llegaron a un acuerdo con el subsecretario de Seguridad de la Secretar\u00eda de Seguridad y Protecci\u00f3n Ciudadana, Ricardo Mej\u00eda Berdeja, para retomar el pr\u00f3ximo lunes el di\u00e1logo sobre la reanudaci\u00f3n de diversos pagos. <\/p>\n\n\n\n<figure class=\"wp-block-embed-twitter wp-block-embed is-type-rich is-provider-twitter\"><div class=\"wp-block-embed__wrapper\">\n<div class=\"twitter-tweet\"><blockquote class=\"twitter-tweet\" data-lang=\"es\"><p lang=\"es\" dir=\"ltr\">Luego de cinco horas de bloqueo a los accesos viales al aeropuerto de la Ciudad de M\u00e9xico, polic\u00edas federales fueron convocados al di\u00e1logo, a partir del pr\u00f3ximo lunes; insisten en liquidaciones conforme a la ley por parte de la <a href=\"https:\/\/twitter.com\/SSPCMexico?ref_src=twsrc%5Etfw\">@SSPCMexico<\/a>. <br>Video: Especial <a href=\"https:\/\/t.co\/E4g1a3MQZQ\">pic.twitter.com\/E4g1a3MQZQ<\/a><\/p>&mdash; Zona Roja Oaxaca (@MexRoja) <a href=\"https:\/\/twitter.com\/MexRoja\/status\/1180458750114717696?ref_src=twsrc%5Etfw\">5 de octubre de 2019<\/a><\/blockquote><\/div>\n<\/div><\/figure>\n\n\n\n<p>Indic\u00f3 que este 7 de octubre van a\ntratar temas relacionados con lo que a sus intereses convenga.<\/p>\n\n\n\n<p>En entrevista, el abogado dijo que la Secretar\u00eda\nde Seguridad se comprometi\u00f3 a revisar las acusaciones sobre presuntos actos de\namedrentamiento contra el movimiento de polic\u00edas federales inconformes. <\/p>\n\n\n\n<p>\u00abSe comprometen a investigar y a\ndar los resultados que correspondan conforme a derecho\u00bb, se\u00f1al\u00f3. <\/p>\n\n\n\n<p>La Secretar\u00eda de Seguridad y Protecci\u00f3n\nCiudadana reiter\u00f3 su disposici\u00f3n al di\u00e1logo para encontrar alternativas para\naquellos elementos que no desean ingresar a la Guardia Nacional. Sin embargo,\nafirm\u00f3 que \u00abno es v\u00e1lido afectar a terceros bloqueando el Circuito\nInterior, incitados por personas ajenas a la corporaci\u00f3n\u00bb.<\/p>\n","protected":false},"excerpt":{"rendered":"<p>Redacci\u00f3n\/Zona Roja. Foto: Especial Ciudad de M\u00e9xico, 5 de octubre de 2019.- Tras m\u00e1s de&hellip;<\/p>\n","protected":false},"author":2,"featured_media":4564,"comment_status":"closed","ping_status":"open","sticky":false,"template":"","format":"standard","meta":{"_lmt_disableupdate":"","_lmt_disable":"","_jetpack_memberships_contains_paid_content":false,"footnotes":""},"categories":[109,47],"tags":[819,820],"class_list":["post-4563","post","type-post","status-publish","format-standard","has-post-thumbnail","hentry","category-minuto-a-minuto","category-zona-gris","tag-policia-federal","tag-secretaria-de-seguridad-y-proteccion-ciudadana"],"jetpack_featured_media_url":"https:\/\/zonaroja.com.mx\/wp-content\/uploads\/2019\/10\/Image-1-24.png","jetpack_sharing_enabled":true,"_links":{"self":[{"href":"https:\/\/zonaroja.com.mx\/index.php?rest_route=\/wp\/v2\/posts\/4563","targetHints":{"allow":["GET"]}}],"collection":[{"href":"https:\/\/zonaroja.com.mx\/index.php?rest_route=\/wp\/v2\/posts"}],"about":[{"href":"https:\/\/zonaroja.com.mx\/index.php?rest_route=\/wp\/v2\/types\/post"}],"author":[{"embeddable":true,"href":"https:\/\/zonaroja.com.mx\/index.php?rest_route=\/wp\/v2\/users\/2"}],"replies":[{"embeddable":true,"href":"https:\/\/zonaroja.com.mx\/index.php?rest_route=%2Fwp%2Fv2%2Fcomments&post=4563"}],"version-history":[{"count":2,"href":"https:\/\/zonaroja.com.mx\/index.php?rest_route=\/wp\/v2\/posts\/4563\/revisions"}],"predecessor-version":[{"id":4566,"href":"https:\/\/zonaroja.com.mx\/index.php?rest_route=\/wp\/v2\/posts\/4563\/revisions\/4566"}],"wp:featuredmedia":[{"embeddable":true,"href":"https:\/\/zonaroja.com.mx\/index.php?rest_route=\/wp\/v2\/media\/4564"}],"wp:attachment":[{"href":"https:\/\/zonaroja.com.mx\/index.php?rest_route=%2Fwp%2Fv2%2Fmedia&parent=4563"}],"wp:term":[{"taxonomy":"category","embeddable":true,"href":"https:\/\/zonaroja.com.mx\/index.php?rest_route=%2Fwp%2Fv2%2Fcategories&post=4563"},{"taxonomy":"post_tag","embeddable":true,"href":"https:\/\/zonaroja.com.mx\/index.php?rest_route=%2Fwp%2Fv2%2Ftags&post=4563"}],"curies":[{"name":"wp","href":"https:\/\/api.w.org\/{rel}","templated":true}]}}