{"id":45632,"date":"2022-09-09T18:39:13","date_gmt":"2022-09-09T23:39:13","guid":{"rendered":"http:\/\/www.zonaroja.com.mx\/?p=45632"},"modified":"2022-09-09T18:39:15","modified_gmt":"2022-09-09T23:39:15","slug":"suicidios-de-jovenes-en-oaxaca-por-arriba-de-la-media-nacional-inegi","status":"publish","type":"post","link":"https:\/\/zonaroja.com.mx\/?p=45632","title":{"rendered":"Suicidios de j\u00f3venes en Oaxaca, por arriba de la media nacional: Inegi"},"content":{"rendered":"\n<p>Yuridiana Sosa\/Zona Roja.<\/p>\n\n\n\n<p>Oaxaca de Ju\u00e1rez, Oax., a 9 de septiembre de 2022.- &nbsp;Durante el 2021, Oaxaca registr\u00f3 una tasa de incidencia en suicidio de j\u00f3venes de 7.2, por arriba de la media nacional de 6.5, report\u00f3 el Instituto Nacional de Estad\u00edstica y Geograf\u00eda (Inegi), con motivo del D\u00eda Mundial para la Prevenci\u00f3n del Suicidio, que se conmemora cada 10 de septiembre.<\/p>\n\n\n\n<p>Con esta estad\u00edstica, la entidad oaxaque\u00f1a se posicion\u00f3 en el segundo grupo de mayor incidencia, que corresponde a una tasa entre 6.5 y 13.8 suicidios por cada 100 mil habitantes de entre 15 y 29 a\u00f1os de edad.<\/p>\n\n\n\n<p>Los estados que presentaron m\u00e1s suicidios en este rango de edad fueron Chihuahua, Yucat\u00e1n y Campeche, con 26.4, 23.5 y 18.8 suicidios por cada 100 mil j\u00f3venes, respectivamente, y los de mejor incidencia, fueron Veracruz con 4.2, Baja California 3.9y Guerrero 1.4.<\/p>\n\n\n\n<p>Tanto en hombres, como en mujeres, en este rango edad, ocuparon como principal m\u00e9todo para cometer suicidio es el ahorcamiento, estrangulaci\u00f3n o sofocaci\u00f3n.<\/p>\n\n\n\n<p>CIFRAS ESTATALES<\/p>\n\n\n\n<p>En Oaxaca los suicidios han ido en aumento en los \u00faltimos a\u00f1os, de acuerdo a Servicios de Salud de Oaxaca (SSO), que report\u00f3 un alza del 53 por ciento hasta el 2020.<\/p>\n\n\n\n<p>La instituci\u00f3n de gobierno apunt\u00f3 que en el 2018 se registraron 140 suicidios en Oaxaca; en 2019 fueron 166 y en el 2020 la cifra fue de 214.<\/p>\n\n\n\n<p>Los factores que intervienen para la comisi\u00f3n del hecho son asuntos personales, psicol\u00f3gicos, biol\u00f3gicos, sociales o culturales, o trastornos mentales, como la depresi\u00f3n, ansiedad y estr\u00e9s.<\/p>\n\n\n\n<p>CIFRAS SOCIALES<\/p>\n\n\n\n<p>De acuerdo a colectivos feministas como Consorcio Oaxaca, en el 2021 se reportaron 23 suicidios de mujeres de distintas edades, mientras que el a\u00f1o 2022 se han acumulado 15 hechos, de enero al pasado 4 de septiembre.<\/p>\n","protected":false},"excerpt":{"rendered":"<p>Yuridiana Sosa\/Zona Roja. Oaxaca de Ju\u00e1rez, Oax., a 9 de septiembre de 2022.- &nbsp;Durante el&hellip;<\/p>\n","protected":false},"author":2,"featured_media":19321,"comment_status":"closed","ping_status":"open","sticky":false,"template":"","format":"standard","meta":{"_lmt_disableupdate":"","_lmt_disable":"","_jetpack_memberships_contains_paid_content":false,"footnotes":""},"categories":[109,47],"tags":[],"class_list":["post-45632","post","type-post","status-publish","format-standard","has-post-thumbnail","hentry","category-minuto-a-minuto","category-zona-gris"],"jetpack_featured_media_url":"https:\/\/zonaroja.com.mx\/wp-content\/uploads\/2020\/10\/Suicidio-mujer.jpg","jetpack_sharing_enabled":true,"_links":{"self":[{"href":"https:\/\/zonaroja.com.mx\/index.php?rest_route=\/wp\/v2\/posts\/45632","targetHints":{"allow":["GET"]}}],"collection":[{"href":"https:\/\/zonaroja.com.mx\/index.php?rest_route=\/wp\/v2\/posts"}],"about":[{"href":"https:\/\/zonaroja.com.mx\/index.php?rest_route=\/wp\/v2\/types\/post"}],"author":[{"embeddable":true,"href":"https:\/\/zonaroja.com.mx\/index.php?rest_route=\/wp\/v2\/users\/2"}],"replies":[{"embeddable":true,"href":"https:\/\/zonaroja.com.mx\/index.php?rest_route=%2Fwp%2Fv2%2Fcomments&post=45632"}],"version-history":[{"count":1,"href":"https:\/\/zonaroja.com.mx\/index.php?rest_route=\/wp\/v2\/posts\/45632\/revisions"}],"predecessor-version":[{"id":45633,"href":"https:\/\/zonaroja.com.mx\/index.php?rest_route=\/wp\/v2\/posts\/45632\/revisions\/45633"}],"wp:featuredmedia":[{"embeddable":true,"href":"https:\/\/zonaroja.com.mx\/index.php?rest_route=\/wp\/v2\/media\/19321"}],"wp:attachment":[{"href":"https:\/\/zonaroja.com.mx\/index.php?rest_route=%2Fwp%2Fv2%2Fmedia&parent=45632"}],"wp:term":[{"taxonomy":"category","embeddable":true,"href":"https:\/\/zonaroja.com.mx\/index.php?rest_route=%2Fwp%2Fv2%2Fcategories&post=45632"},{"taxonomy":"post_tag","embeddable":true,"href":"https:\/\/zonaroja.com.mx\/index.php?rest_route=%2Fwp%2Fv2%2Ftags&post=45632"}],"curies":[{"name":"wp","href":"https:\/\/api.w.org\/{rel}","templated":true}]}}