{"id":45637,"date":"2022-09-09T22:17:53","date_gmt":"2022-09-10T03:17:53","guid":{"rendered":"http:\/\/www.zonaroja.com.mx\/?p=45637"},"modified":"2022-09-09T22:17:55","modified_gmt":"2022-09-10T03:17:55","slug":"matan-a-otra-mujer-en-la-costa-de-oaxaca-en-24-horas","status":"publish","type":"post","link":"https:\/\/zonaroja.com.mx\/?p=45637","title":{"rendered":"Matan a otra mujer en la Costa de Oaxaca, en 24 horas"},"content":{"rendered":"\n<p>Redacci\u00f3n\/Zona Roja.<\/p>\n\n\n\n<p>Oaxaca de Ju\u00e1rez, Oax., a 9 de septiembre de 2022.- A poco m\u00e1s de 24 horas del asesinato de una mujer, otra femenina fue ultimada a balazos en la regi\u00f3n de la Costa.<\/p>\n\n\n\n<p>El crimen se registr\u00f3 alrededor de las 20:30 horas en la caseta del sitio de taxis \u201cAurora L\u00f3pez Acevedo\u201d, en Santiago Pinotepa Nacional, donde fue atacada la responsable de ese local.<\/p>\n\n\n\n<p>Tras ello, fue llevada de inmediato al hospital general pero en el trayecto la mujer perdi\u00f3 la vida, debido a la gravedad de las lesiones.<\/p>\n\n\n\n<p>Polic\u00edas municipales acordonaron la zona y presuntamente efectuaron patrullajes de b\u00fasqueda del o los homicidas, sin resultados positivos.<\/p>\n\n\n\n<p>La Vicefiscal\u00eda Regional de la Costa inici\u00f3 las indagatorias correspondientes, bajo los protocolos de feminicidio.<\/p>\n\n\n\n<p>Apenas ayer por la ma\u00f1ana, una mujer fue ultimada, tambi\u00e9n a balazos, en jurisdicci\u00f3n del municipio coste\u00f1o de San Pedro Atoyac.<\/p>\n\n\n\n<p>La v\u00edctima fue identificada posteriormente como Zoila G. V., de aproximadamente 59 a\u00f1os de edad, y tenaz su domicilio en la calle 5 de Mayo del Barrio Chico, en San Pedro Atoyac.<\/p>\n\n\n\n<p>El cuerpo fue localizado en el camino que conduce a San Pedro Tulixtlahuaca, en inmediaciones del paraje \u201cYuta-nu-inu\u201d. Hasta el momento no se ha reportado detenci\u00f3n alguna relacionada con el caso.<\/p>\n","protected":false},"excerpt":{"rendered":"<p>Redacci\u00f3n\/Zona Roja. Oaxaca de Ju\u00e1rez, Oax., a 9 de septiembre de 2022.- A poco m\u00e1s&hellip;<\/p>\n","protected":false},"author":2,"featured_media":7486,"comment_status":"closed","ping_status":"open","sticky":false,"template":"","format":"standard","meta":{"_lmt_disableupdate":"","_lmt_disable":"","_jetpack_memberships_contains_paid_content":false,"footnotes":""},"categories":[109,51],"tags":[651],"class_list":["post-45637","post","type-post","status-publish","format-standard","has-post-thumbnail","hentry","category-minuto-a-minuto","category-zona-roja","tag-santiago-pinotepa-nacional"],"jetpack_featured_media_url":"https:\/\/zonaroja.com.mx\/wp-content\/uploads\/2020\/01\/Escena-del-crimen7.jpg","jetpack_sharing_enabled":true,"_links":{"self":[{"href":"https:\/\/zonaroja.com.mx\/index.php?rest_route=\/wp\/v2\/posts\/45637","targetHints":{"allow":["GET"]}}],"collection":[{"href":"https:\/\/zonaroja.com.mx\/index.php?rest_route=\/wp\/v2\/posts"}],"about":[{"href":"https:\/\/zonaroja.com.mx\/index.php?rest_route=\/wp\/v2\/types\/post"}],"author":[{"embeddable":true,"href":"https:\/\/zonaroja.com.mx\/index.php?rest_route=\/wp\/v2\/users\/2"}],"replies":[{"embeddable":true,"href":"https:\/\/zonaroja.com.mx\/index.php?rest_route=%2Fwp%2Fv2%2Fcomments&post=45637"}],"version-history":[{"count":1,"href":"https:\/\/zonaroja.com.mx\/index.php?rest_route=\/wp\/v2\/posts\/45637\/revisions"}],"predecessor-version":[{"id":45638,"href":"https:\/\/zonaroja.com.mx\/index.php?rest_route=\/wp\/v2\/posts\/45637\/revisions\/45638"}],"wp:featuredmedia":[{"embeddable":true,"href":"https:\/\/zonaroja.com.mx\/index.php?rest_route=\/wp\/v2\/media\/7486"}],"wp:attachment":[{"href":"https:\/\/zonaroja.com.mx\/index.php?rest_route=%2Fwp%2Fv2%2Fmedia&parent=45637"}],"wp:term":[{"taxonomy":"category","embeddable":true,"href":"https:\/\/zonaroja.com.mx\/index.php?rest_route=%2Fwp%2Fv2%2Fcategories&post=45637"},{"taxonomy":"post_tag","embeddable":true,"href":"https:\/\/zonaroja.com.mx\/index.php?rest_route=%2Fwp%2Fv2%2Ftags&post=45637"}],"curies":[{"name":"wp","href":"https:\/\/api.w.org\/{rel}","templated":true}]}}