{"id":45642,"date":"2022-09-10T06:48:55","date_gmt":"2022-09-10T11:48:55","guid":{"rendered":"http:\/\/www.zonaroja.com.mx\/?p=45642"},"modified":"2022-09-10T06:48:57","modified_gmt":"2022-09-10T11:48:57","slug":"poder-judicial-de-oaxaca-y-universidad-de-italia-inician-maestria-en-derecho-judicial","status":"publish","type":"post","link":"https:\/\/zonaroja.com.mx\/?p=45642","title":{"rendered":"Poder Judicial de Oaxaca y universidad de Italia inician maestr\u00eda en Derecho Judicial"},"content":{"rendered":"\n<p>Redacci\u00f3n\/Zona Roja.<\/p>\n\n\n\n<p>Oaxaca de Ju\u00e1rez, Oax., a 10 de septiembre de 2022.- Con la finalidad de fortalecer nuevos conocimientos, capacidades y habilidades de las presentes y futuras generaciones de operadores jurisdiccionales, el Poder Judicial del Estado de Oaxaca a trav\u00e9s de la Escuela Judicial y en conjunto con la Universidad de Perugia, Italia,&nbsp;dieron inicio a&nbsp;la Maestr\u00eda en Derecho Judicial, generaci\u00f3n 2022-2024.<\/p>\n\n\n\n<p>El posgrado internacional, tiene como objetivo principal formar operadores jurisdiccionales no s\u00f3lo con una perspectiva transversal de los derechos humanos, integraci\u00f3n y globalizaci\u00f3n jur\u00eddica, sino dotados de una visi\u00f3n prospectiva de la justicia y de la deontolog\u00eda judicial como condiciones fundamentales del quehacer de los juzgadores modernos. &nbsp;<\/p>\n\n\n\n<p>En&nbsp;su mensaje en&nbsp;la&nbsp;ceremonia, realizada de forma presencial en&nbsp;las instalaciones de Escuela Judicial, la cual fue dotada de un aula h\u00edbrida y una biblioteca especializada para&nbsp;los estudios,&nbsp;el magistrado presidente Eduardo Pinacho S\u00e1nchez resalt\u00f3 la colaboraci\u00f3n conjunta con una de las universidades m\u00e1s antiguas y prestigiadas del mundo.&nbsp;<\/p>\n\n\n\n<p>Puntualiz\u00f3 que&nbsp;en M\u00e9xico en las \u00faltimas d\u00e9cadas se han presentado profundos cambios en&nbsp;todas las ramas del&nbsp;Derecho&nbsp;y el sistema jur\u00eddico que como consecuencia demandan&nbsp;juzgadoras y juzgadores con nuevos roles y competencias tomando en cuenta&nbsp;la perspectiva de g\u00e9nero, el enfoque intercultural&nbsp;y&nbsp;de la infancia; por ello,&nbsp;la maestr\u00eda en Derecho&nbsp;Judicial&nbsp;marca un cambio de \u00e9poca en la instituci\u00f3n.&nbsp;<\/p>\n\n\n\n<p>A trav\u00e9s de un enlace virtual, participaron&nbsp;en la&nbsp;inauguraci\u00f3n de la maestr\u00eda&nbsp;el doctor Andrea&nbsp;Sassi, director del Departamento de Derecho de la Universidad de Perugia, Italia&nbsp;y&nbsp;el presidente del Comit\u00e9 Acad\u00e9mico de la maestr\u00eda, doctor Roberto&nbsp;Cippitani. De forma presencial estuvieron&nbsp;el coordinador acad\u00e9mico de la Maestr\u00eda en Derecho Judicial, doctor Mario \u00c1lvarez Ledesma y el director de la Escuela Judicial, maestro H\u00e9ctor Humberto V\u00e1squez Quevedo.<\/p>\n\n\n\n<p>La duraci\u00f3n de la Maestr\u00eda en Derecho Judicial, ser\u00e1 de dos a\u00f1os,durante los primeros tres&nbsp;semestres, docentes de la Universidad de Perugia dictar\u00e1n c\u00e1tedra en Oaxaca en idioma espa\u00f1ol; en el \u00faltimo semestre, los estudiantes inscritos a dicho programa acad\u00e9mico, deber\u00e1n cumplir con una estancia de un mes en las instalaciones de este reconocido instituto, para cursar seminarios y pr\u00e1cticas judiciales.<\/p>\n","protected":false},"excerpt":{"rendered":"<p>Redacci\u00f3n\/Zona Roja. Oaxaca de Ju\u00e1rez, Oax., a 10 de septiembre de 2022.- Con la finalidad&hellip;<\/p>\n","protected":false},"author":2,"featured_media":45643,"comment_status":"closed","ping_status":"open","sticky":false,"template":"","format":"standard","meta":{"_lmt_disableupdate":"","_lmt_disable":"","_jetpack_memberships_contains_paid_content":false,"footnotes":""},"categories":[109,46],"tags":[223],"class_list":["post-45642","post","type-post","status-publish","format-standard","has-post-thumbnail","hentry","category-minuto-a-minuto","category-zona-blanca","tag-poder-judicial-de-oaxaca"],"jetpack_featured_media_url":"https:\/\/zonaroja.com.mx\/wp-content\/uploads\/2022\/09\/La-ceremonia-oficial-se-realizo-en-la-Escuela-Judicial-2.jpg","jetpack_sharing_enabled":true,"_links":{"self":[{"href":"https:\/\/zonaroja.com.mx\/index.php?rest_route=\/wp\/v2\/posts\/45642","targetHints":{"allow":["GET"]}}],"collection":[{"href":"https:\/\/zonaroja.com.mx\/index.php?rest_route=\/wp\/v2\/posts"}],"about":[{"href":"https:\/\/zonaroja.com.mx\/index.php?rest_route=\/wp\/v2\/types\/post"}],"author":[{"embeddable":true,"href":"https:\/\/zonaroja.com.mx\/index.php?rest_route=\/wp\/v2\/users\/2"}],"replies":[{"embeddable":true,"href":"https:\/\/zonaroja.com.mx\/index.php?rest_route=%2Fwp%2Fv2%2Fcomments&post=45642"}],"version-history":[{"count":1,"href":"https:\/\/zonaroja.com.mx\/index.php?rest_route=\/wp\/v2\/posts\/45642\/revisions"}],"predecessor-version":[{"id":45644,"href":"https:\/\/zonaroja.com.mx\/index.php?rest_route=\/wp\/v2\/posts\/45642\/revisions\/45644"}],"wp:featuredmedia":[{"embeddable":true,"href":"https:\/\/zonaroja.com.mx\/index.php?rest_route=\/wp\/v2\/media\/45643"}],"wp:attachment":[{"href":"https:\/\/zonaroja.com.mx\/index.php?rest_route=%2Fwp%2Fv2%2Fmedia&parent=45642"}],"wp:term":[{"taxonomy":"category","embeddable":true,"href":"https:\/\/zonaroja.com.mx\/index.php?rest_route=%2Fwp%2Fv2%2Fcategories&post=45642"},{"taxonomy":"post_tag","embeddable":true,"href":"https:\/\/zonaroja.com.mx\/index.php?rest_route=%2Fwp%2Fv2%2Ftags&post=45642"}],"curies":[{"name":"wp","href":"https:\/\/api.w.org\/{rel}","templated":true}]}}