{"id":45647,"date":"2022-09-10T10:03:00","date_gmt":"2022-09-10T15:03:00","guid":{"rendered":"http:\/\/www.zonaroja.com.mx\/?p=45647"},"modified":"2022-09-10T07:04:01","modified_gmt":"2022-09-10T12:04:01","slug":"preocupa-a-onu-derechos-humanos-la-militarizacion-en-mexico","status":"publish","type":"post","link":"https:\/\/zonaroja.com.mx\/?p=45647","title":{"rendered":"Preocupa a ONU Derechos Humanos la militarizaci\u00f3n en M\u00e9xico"},"content":{"rendered":"\n<p>Redacci\u00f3n\/Zona Roja Cdmx.<\/p>\n\n\n\n<p>Ciudad de M\u00e9xico, a 10 de septiembre de 2022.-La Oficina de la Alta Comisionada de las Naciones Unidas para los Derechos Humanos (ONU-DH) calific\u00f3 como un retroceso la reforma que aprob\u00f3 el Congreso para que la Secretar\u00eda de la Defensa Nacional tenga el mando operativo y administrativo de la Guardia Nacional.<\/p>\n\n\n\n<p>\u201cLas reformas dejan efectivamente a M\u00e9xico sin una fuerza policial civil a nivel federal, consolidando a\u00fan m\u00e1s el ya prominente papel de las Fuerzas Armadas en la seguridad p\u00fablica en M\u00e9xico.&nbsp;<\/p>\n\n\n\n<p>\u201cLos mecanismos de derechos humanos han se\u00f1alado claramente que las Fuerzas Armadas s\u00f3lo deben intervenir en la seguridad p\u00fablica de forma temporal, en circunstancias excepcionales, como \u00faltimo recurso, y siempre bajo la supervisi\u00f3n efectiva de \u00f3rganos civiles independientes\u201d, expuso la Alta Comisionada interina de la ONU-DH, Nada Al-Nashif en un comunicado fechado en Ginebra, Suiza.<\/p>\n\n\n\n<p>Ayer por la madrugada, el Senado de la Rep\u00fablica aprob\u00f3 la reforma de la Guardia Nacional para que el mando administrativo y operativo de este cuerpo de seguridad pase a manos de la Sedena. Como la reforma ya fue aprobada por la C\u00e1mara de Diputados, s\u00f3lo falta que se publique en el Diario Oficial de la Federaci\u00f3n para que sea ley vigente.<\/p>\n\n\n\n<p>La Alta Comisionada interina de la ONU-DH record\u00f3 que la militarizaci\u00f3n de las fuerzas de seguridad ha ido aumentando de forma constante en M\u00e9xico desde 2006, pero esto no se ha traducido en una reducci\u00f3n sostenible de la criminalidad, sino que ha provocado un aumento de las denuncias de graves violaciones de los derechos humanos por las fuerzas de seguridad y las Fuerzas Armadas.<\/p>\n\n\n\n<p>Al-Nashif tambi\u00e9n expres\u00f3 su preocupaci\u00f3n por la iniciativa del PRI para prolongar el plazo para que el Ej\u00e9rcito realice tareas de seguridad p\u00fablica, que podr\u00eda discutirse en la C\u00e1mara de Diputados los pr\u00f3ximos d\u00edas, por lo que exhort\u00f3 a las autoridades a reforzar la supervisi\u00f3n civil de los militares.<\/p>\n\n\n\n<p>LA DESCALIFICACI\u00d3N<\/p>\n\n\n\n<p>Por su parte, el presidente Andr\u00e9s Manuel L\u00f3pez Obrador descalific\u00f3 a organismos como la ONU que se oponen a la reforma y les reproch\u00f3 que \u00abguardaron silencio c\u00f3mplice\u00bb durante el periodo de masacres y de torturas, y de protecci\u00f3n a las bandas del crimen organizado.&nbsp;<\/p>\n\n\n\n<p>\u00ab\u00bfEn qu\u00e9 est\u00e1 convertida la ONU? En un florero\u00bb, afirm\u00f3 en su conferencia matutina desde Zacatecas.<\/p>\n\n\n\n<p>Tambi\u00e9n agradeci\u00f3 a los legisladores de su partido, Morena, por aprobar esta reforma que, a decir suyo, evitar\u00e1 que este cuerpo de seguridad corra con la misma suerte y se \u201ceche a perder\u201d como la Polic\u00eda Federal.<\/p>\n\n\n\n<p>\u201cEso es lo m\u00e1s importante, el que se aprob\u00f3 la ley para que la Guardia Nacional est\u00e9 operada, tenga la tutela, la gu\u00eda, el ejemplo de la Secretar\u00eda de la Defensa Nacional. Eso es muy importante, porque lo he dicho varias veces y me voy a seguir repitiendo: la Guardia Nacional debe cuidarse para que no se caiga en el mismo error que se padeci\u00f3 con la llamada Polic\u00eda Federal Preventiva que se pudri\u00f3, se ech\u00f3 a perder\u201d, sostuvo.<\/p>\n\n\n\n<p>Acompa\u00f1ado de la secretaria de Seguridad, Rosa Icela Rodr\u00edgez; el secretario de Gobernaci\u00f3n, Ad\u00e1n Augusto L\u00f3pez; el secretario de Marina, Rafael Ojeda; el secretario de Defensa, Luis Cresencio Sandoval; y el comandante de la Guardia Nacional, Luis Rodr\u00edguez Bucio, L\u00f3pez Obrador tambi\u00e9n critic\u00f3 al l\u00edder morenista en el Senado, Ricardo Monreal, por abstenerse en la votaci\u00f3n, ya que desde su punto de vista avala la \u201cpolitiquer\u00eda del conservadurismo\u201d.<\/p>\n\n\n\n<p>Opuesto a su hermano, el gobernador de Zacatecas, David Monreal, defendi\u00f3 la reforma que se discuti\u00f3 y aprob\u00f3 en menos de dos semanas en el Congreso de la Uni\u00f3n porque, dijo, el Ej\u00e9rcito es una de las instituciones del Estado mexicano que m\u00e1s confianza da a la ciudadan\u00eda. Por ello, pidi\u00f3 que las tres corporaciones de seguridad federales se mantengan en el estado como parte de la estrategia integral para el regreso de la paz.<\/p>\n\n\n\n<p>Ya por la tarde, en medio de las descalificaciones de organizaciones de la sociedad civil contra la aprobaci\u00f3n de la reforma, los 18 gobernadores de Morena emitieron un desplegado en el que manifestaron su reconocimiento hacia los legisladores.<\/p>\n\n\n\n<p>(Informaci\u00f3n de \u201cEl Sol de M\u00e9xico\u201d)<\/p>\n","protected":false},"excerpt":{"rendered":"<p>Redacci\u00f3n\/Zona Roja Cdmx. Ciudad de M\u00e9xico, a 10 de septiembre de 2022.-La Oficina de la&hellip;<\/p>\n","protected":false},"author":2,"featured_media":12281,"comment_status":"closed","ping_status":"open","sticky":false,"template":"","format":"standard","meta":{"_lmt_disableupdate":"","_lmt_disable":"","_jetpack_memberships_contains_paid_content":false,"footnotes":""},"categories":[109,47],"tags":[],"class_list":["post-45647","post","type-post","status-publish","format-standard","has-post-thumbnail","hentry","category-minuto-a-minuto","category-zona-gris"],"jetpack_featured_media_url":"https:\/\/zonaroja.com.mx\/wp-content\/uploads\/2020\/05\/AMLO-Ej\u00e9rcito.jpg","jetpack_sharing_enabled":true,"_links":{"self":[{"href":"https:\/\/zonaroja.com.mx\/index.php?rest_route=\/wp\/v2\/posts\/45647","targetHints":{"allow":["GET"]}}],"collection":[{"href":"https:\/\/zonaroja.com.mx\/index.php?rest_route=\/wp\/v2\/posts"}],"about":[{"href":"https:\/\/zonaroja.com.mx\/index.php?rest_route=\/wp\/v2\/types\/post"}],"author":[{"embeddable":true,"href":"https:\/\/zonaroja.com.mx\/index.php?rest_route=\/wp\/v2\/users\/2"}],"replies":[{"embeddable":true,"href":"https:\/\/zonaroja.com.mx\/index.php?rest_route=%2Fwp%2Fv2%2Fcomments&post=45647"}],"version-history":[{"count":1,"href":"https:\/\/zonaroja.com.mx\/index.php?rest_route=\/wp\/v2\/posts\/45647\/revisions"}],"predecessor-version":[{"id":45648,"href":"https:\/\/zonaroja.com.mx\/index.php?rest_route=\/wp\/v2\/posts\/45647\/revisions\/45648"}],"wp:featuredmedia":[{"embeddable":true,"href":"https:\/\/zonaroja.com.mx\/index.php?rest_route=\/wp\/v2\/media\/12281"}],"wp:attachment":[{"href":"https:\/\/zonaroja.com.mx\/index.php?rest_route=%2Fwp%2Fv2%2Fmedia&parent=45647"}],"wp:term":[{"taxonomy":"category","embeddable":true,"href":"https:\/\/zonaroja.com.mx\/index.php?rest_route=%2Fwp%2Fv2%2Fcategories&post=45647"},{"taxonomy":"post_tag","embeddable":true,"href":"https:\/\/zonaroja.com.mx\/index.php?rest_route=%2Fwp%2Fv2%2Ftags&post=45647"}],"curies":[{"name":"wp","href":"https:\/\/api.w.org\/{rel}","templated":true}]}}