{"id":45656,"date":"2022-09-10T12:52:00","date_gmt":"2022-09-10T17:52:00","guid":{"rendered":"http:\/\/www.zonaroja.com.mx\/?p=45656"},"modified":"2022-09-10T07:54:57","modified_gmt":"2022-09-10T12:54:57","slug":"respaldan-iniciativa-de-ong-reformas-para-proteccion-de-periodistas-y-defensores","status":"publish","type":"post","link":"https:\/\/zonaroja.com.mx\/?p=45656","title":{"rendered":"Respaldan iniciativa de ONG reformas para protecci\u00f3n de periodistas y defensores"},"content":{"rendered":"\n<p>Redacci\u00f3n\/Zona Roja.&nbsp;<\/p>\n\n\n\n<p>Oaxaca de Ju\u00e1rez, Oax., a 10 de 2022.- El titular de la Unidad para la Defensa de los Derechos Humanos de la Secretar\u00eda de Gobernaci\u00f3n&nbsp;(Segob) del gobierno federal,&nbsp;Enrique Irazoque Palazuelos,&nbsp;y el defensor de los Derechos Humanos del Pueblo de Oaxaca, Bernardo Rodr\u00edguez Alamilla, respaldaron&nbsp;la iniciativa de reformas legales para la protecci\u00f3n de periodistas y personas defensoras de derechos humanos presentada por organizaciones civiles del estado.<\/p>\n\n\n\n<p>Durante el foro \u201cHacia un nuevo sistema de protecci\u00f3n a personas defensoras y periodistas\u201d convocado por 38 organizaciones&nbsp;civiles&nbsp;de Oaxaca,&nbsp;ambos funcionarios llamaron a las diputadas y diputados del Congreso del Estado a analizar la iniciativa ciudadana que, consideraron, contribuir\u00e1 a fortalecer las capacidades de las instituciones locales en materia de protecci\u00f3n a periodistas y personas defensoras.<\/p>\n\n\n\n<p>Este jueves 8 de septiembre, en Casa de la Ciudad, Irazoque Palazuelos enfatiz\u00f3 que la propuesta ciudadana es particularmente creativa al fortalecer mecanismos y herramientas&nbsp;ya&nbsp;existentes, en lugar de crear nuevas instancias,&nbsp;y&nbsp;destac\u00f3 su enfoque integral,&nbsp;al&nbsp;buscar&nbsp;combatir la impunidad&nbsp;sobre los agravios a las personas cometidos por defender los derechos humanos o por el ejercicio de la libertad de expresi\u00f3n.<\/p>\n\n\n\n<p>Reiter\u00f3 la petici\u00f3n de que el&nbsp;Congreso de Oaxaca&nbsp;analice&nbsp;la propuesta y&nbsp;la aproveche, pues las medidas legislativas ah\u00ed propuestas fortalecer\u00e1n&nbsp;la coordinaci\u00f3n&nbsp;de las instancias locales con la Federaci\u00f3n, y de esa manera contribuyen tambi\u00e9n a la construcci\u00f3n de una nueva pol\u00edtica nacional en la materia.<\/p>\n\n\n\n<p>Se\u00f1al\u00f3 que por ser el segundo estado con mayores asesinatos de personas defensoras y el quinto con mayores datos de asesinatos de periodistas, Oaxaca es uno de los estados prioritarios para la Segob.\u00a0<\/p>\n\n\n\n<figure class=\"wp-block-embed is-type-rich is-provider-twitter wp-block-embed-twitter\"><div class=\"wp-block-embed__wrapper\">\n<div class=\"twitter-tweet\"><blockquote class=\"twitter-tweet\" data-lang=\"es\"><p lang=\"es\" dir=\"ltr\">\ud83d\udce3\ud83d\udde3Durante el foro\u201cHacia un nuevo sistema de protecci\u00f3n a personas defensoras y periodistas&quot;, <a href=\"https:\/\/twitter.com\/eipdh?ref_src=twsrc%5Etfw\">@eipdh<\/a>, titular de la Unidad para la Defensa de los <a href=\"https:\/\/twitter.com\/hashtag\/DH?src=hash&amp;ref_src=twsrc%5Etfw\">#DH<\/a> de la <a href=\"https:\/\/twitter.com\/SEGOB_mx?ref_src=twsrc%5Etfw\">@SEGOB_mx<\/a>, expres\u00f3 su respaldo a la iniciativa de reformas legales para la protecci\u00f3n de periodistas y personas defensoras <a href=\"https:\/\/t.co\/xCBUMkQHk5\">pic.twitter.com\/xCBUMkQHk5<\/a><\/p>&mdash; Consorcio Oaxaca (@consorciooaxaca) <a href=\"https:\/\/twitter.com\/consorciooaxaca\/status\/1568324560797196289?ref_src=twsrc%5Etfw\">9 de septiembre de 2022<\/a><\/blockquote><\/div>\n<\/div><\/figure>\n\n\n\n<p>POSITIVA PROPUESTA<\/p>\n\n\n\n<p>Por su parte, Rodr\u00edguez&nbsp;Alamilla&nbsp;destac\u00f3&nbsp;que uno de los enfoques importantes de la propuesta de reformas es \u201cdarle m\u00e1s dientes\u201d&nbsp;al \u00f3rgano defensor de derechos humanos que&nbsp;\u00e9l&nbsp;preside, con mayor posibilidad de exigencia y sanciones a funcionarios p\u00fablicos.&nbsp;Tambi\u00e9n ponder\u00f3 de manera positiva que&nbsp;la propuesta&nbsp;busque&nbsp;garantizar medidas cautelares&nbsp;y obligar&nbsp;a los funcionarios a actuar de inmediato en caso de agresiones&nbsp;a periodistas y personas defensoras.&nbsp;<\/p>\n\n\n\n<p>Jos\u00e9 Carlos Fuentes&nbsp;Ordaz,&nbsp;titular de la representaci\u00f3n de la&nbsp;Segob&nbsp;en Oaxaca,&nbsp;recalc\u00f3 que&nbsp;la&nbsp;iniciativa es de transcendencia para garantizar la protecci\u00f3n&nbsp;a&nbsp;personas defensoras y periodistas en Oaxaca, estado que&nbsp;ocupa el segundo lugar a nivel nacional de personas defensoras y periodistas incorporadas en el Mecanismo de&nbsp;Protecci\u00f3n de esa dependencia,&nbsp;con un total de 155 personas incorporadas, 131 personas defensoras y 24 periodistas. &nbsp;<\/p>\n\n\n\n<p>El&nbsp;foro&nbsp;fue&nbsp;moderado por&nbsp;Marcos Leyva Madrid, director de Servicios para una Educaci\u00f3n Alternativa&nbsp;(Educa)&nbsp;y&nbsp;cont\u00f3 con la participaci\u00f3n de&nbsp;Y\u00e9sica S\u00e1nchez Maya,&nbsp;del equipo directivo de&nbsp;Consorcio para el Di\u00e1logo Parlamentario y la Equidad Oaxaca;&nbsp;Pedro Mat\u00edas Arrazola,&nbsp;periodista, corresponsal de la Revista Proceso&nbsp;y fundador&nbsp;de P\u00e1gina 3;&nbsp;Irazoque Palazuelos, Fuentes&nbsp;Ordaz y Rodr\u00edguez&nbsp;Alamilla.<\/p>\n\n\n\n<p>Durante el evento se analiz\u00f3 la&nbsp;iniciativa&nbsp;ciudadana que&nbsp;busca adicionar y reformar diversas disposiciones de&nbsp;la&nbsp;Ley de la Defensor\u00eda de los Derechos Humanos del Pueblo de Oaxaca, la&nbsp;Ley de Responsabilidades Administrativas del Estado y Municipios de Oaxaca, el&nbsp;C\u00f3digo Penal para el Estado, la&nbsp;Ley Org\u00e1nica Municipal&nbsp;y la&nbsp;Ley Org\u00e1nica del Poder Ejecutivo.&nbsp;La iniciativa fue entregada&nbsp;al Congreso del Estado el pasado&nbsp;22 de agosto.<\/p>\n\n\n\n<p>Y\u00e9sica S\u00e1nchez Maya&nbsp;present\u00f3 la propuesta y&nbsp;explic\u00f3 que se da&nbsp;en el contexto del impulso a nivel federal&nbsp;a la construcci\u00f3n de&nbsp;una&nbsp;ley&nbsp;general&nbsp;en materia de prevenci\u00f3n y&nbsp;protecci\u00f3n&nbsp;a periodistas y personas defensoras. Precis\u00f3 que la iniciativa ciudadana&nbsp;busca&nbsp;responder a la situaci\u00f3n, necesidades y&nbsp;especifidades de Oaxaca&nbsp;en paralelo del proceso&nbsp;nacional.<\/p>\n\n\n\n<p>&nbsp;Pedro Mat\u00edas&nbsp;Arrazola&nbsp;explic\u00f3 que la aprobaci\u00f3n de esta propuesta&nbsp;es urgente frente a los altos \u00edndices de impunidad y simulaci\u00f3n gubernamental&nbsp;en todos sus niveles.&nbsp;Comparti\u00f3 al respecto&nbsp;cifras particularmente preocupantes de&nbsp;la organizaci\u00f3n Art\u00edculo 19,&nbsp;que&nbsp;en M\u00e9xico&nbsp;ha registrado 156 asesinatos de periodistas de 2000 a la fecha,&nbsp;15 de ellos en Oaxaca.<\/p>\n","protected":false},"excerpt":{"rendered":"<p>Redacci\u00f3n\/Zona Roja.&nbsp; Oaxaca de Ju\u00e1rez, Oax., a 10 de 2022.- El titular de la Unidad&hellip;<\/p>\n","protected":false},"author":2,"featured_media":45657,"comment_status":"closed","ping_status":"open","sticky":false,"template":"","format":"standard","meta":{"_lmt_disableupdate":"","_lmt_disable":"","_jetpack_memberships_contains_paid_content":false,"footnotes":""},"categories":[109,46],"tags":[548],"class_list":["post-45656","post","type-post","status-publish","format-standard","has-post-thumbnail","hentry","category-minuto-a-minuto","category-zona-blanca","tag-consorcio-oaxaca"],"jetpack_featured_media_url":"https:\/\/zonaroja.com.mx\/wp-content\/uploads\/2022\/09\/Foro-Consorcio-reformas-legales.jpeg","jetpack_sharing_enabled":true,"_links":{"self":[{"href":"https:\/\/zonaroja.com.mx\/index.php?rest_route=\/wp\/v2\/posts\/45656","targetHints":{"allow":["GET"]}}],"collection":[{"href":"https:\/\/zonaroja.com.mx\/index.php?rest_route=\/wp\/v2\/posts"}],"about":[{"href":"https:\/\/zonaroja.com.mx\/index.php?rest_route=\/wp\/v2\/types\/post"}],"author":[{"embeddable":true,"href":"https:\/\/zonaroja.com.mx\/index.php?rest_route=\/wp\/v2\/users\/2"}],"replies":[{"embeddable":true,"href":"https:\/\/zonaroja.com.mx\/index.php?rest_route=%2Fwp%2Fv2%2Fcomments&post=45656"}],"version-history":[{"count":1,"href":"https:\/\/zonaroja.com.mx\/index.php?rest_route=\/wp\/v2\/posts\/45656\/revisions"}],"predecessor-version":[{"id":45658,"href":"https:\/\/zonaroja.com.mx\/index.php?rest_route=\/wp\/v2\/posts\/45656\/revisions\/45658"}],"wp:featuredmedia":[{"embeddable":true,"href":"https:\/\/zonaroja.com.mx\/index.php?rest_route=\/wp\/v2\/media\/45657"}],"wp:attachment":[{"href":"https:\/\/zonaroja.com.mx\/index.php?rest_route=%2Fwp%2Fv2%2Fmedia&parent=45656"}],"wp:term":[{"taxonomy":"category","embeddable":true,"href":"https:\/\/zonaroja.com.mx\/index.php?rest_route=%2Fwp%2Fv2%2Fcategories&post=45656"},{"taxonomy":"post_tag","embeddable":true,"href":"https:\/\/zonaroja.com.mx\/index.php?rest_route=%2Fwp%2Fv2%2Ftags&post=45656"}],"curies":[{"name":"wp","href":"https:\/\/api.w.org\/{rel}","templated":true}]}}