{"id":45669,"date":"2022-09-10T20:02:30","date_gmt":"2022-09-11T01:02:30","guid":{"rendered":"https:\/\/www.zonaroja.com.mx\/?p=45669"},"modified":"2022-09-10T20:02:32","modified_gmt":"2022-09-11T01:02:32","slug":"rompieron-acuerdo-recolectores-de-catem-para-habilitar-tiradero-privado-de-basura","status":"publish","type":"post","link":"https:\/\/zonaroja.com.mx\/?p=45669","title":{"rendered":"Rompieron acuerdo recolectores de CATEM para habilitar tiradero privado de basura"},"content":{"rendered":"\n<p>Yuridiana Sosa\/ Zona Roja.<\/p>\n\n\n\n<p>Oaxaca de Ju\u00e1rez, Oax., 10 de septiembre de 2022.- Organizaciones de recolectores particulares de basura adheridos a CATEM y pepenadores en la capital, incumplieron con acuerdos firmados con el gobierno de Oaxaca de Ju\u00e1rez para el dep\u00f3sito de residuos, lo que llev\u00f3 a la creaci\u00f3n arbitraria del tiradero en ribera del r\u00edo \u201cAtoyac\u201d. <\/p>\n\n\n\n<p>El documento revelado recientemente se\u00f1ala que los principales generadores del nuevo basurero a cielo abierto, en inmediaciones de la Central de Abasto, se comprometieron el pasado 20 de julio a buscar un espacio privado para desechar los residuos recolocados por cuenta propia.<\/p>\n\n\n\n<p>\u201cEn tanto contin\u00fae la crisis sanitaria y la ausencia de un relleno sanitario para Oaxaca de Ju\u00e1rez, los particulares que suscriben la minuta deber\u00e1n habilitar un espacio privado para acumular exclusivamente los desechos inorg\u00e1nicos residuales o no valorizables y gestionar\u00e1n los correspondientes ante la Semaedeso\u201d, cita el acuerdo entre el ayuntamiento de la capital y los recolectores.<\/p>\n\n\n\n<p>El compromiso se firm\u00f3 por parte de Confederaci\u00f3n Aut\u00f3noma de Trabajadores y Empleados de M\u00e9xico (CATEM), Recolectores de Basura Organizados \u201c14 de Febrero\u201d, Uni\u00f3n de Recolectores de Basura del Estado de Oaxaca AC., Frente de Limpieza y Recolecci\u00f3n de Basura del Estado De Oaxaca, Uni\u00f3n de Recolectores Por Un Oaxaca Limpio y Uni\u00f3n de Pepenadores \u201cGuie-Niza\u201d.<\/p>\n\n\n\n<p>Sin embargo, los trabajadores de este sector manifestaron que el ayuntamiento dio su anuencia para que desechen la basura en la ribera del r\u00edo \u201cAtoyac\u201d, donde el tiradero crece de forma acelerada sin que ninguna autoridad municipal o estatal lo impida.<\/p>\n\n\n\n<p>Aunque los particulares no cumplieron con el acuerdo e infringen leyes sanitarias y de medio ambiente, los gobiernos de Oaxaca de Ju\u00e1rez y estatal han se\u00f1alado sanciones, multas o delitos contra los actores. <\/p>\n\n\n\n<p>Adem\u00e1s, el presidente de Oaxaca de Ju\u00e1rez, Francisco Mart\u00ednez Neri, apunt\u00f3 que no cuentan con la capacidad para retirar la basura del r\u00edo \u201cAtoyac\u201d.<\/p>\n\n\n\n<p>Por su parte, el gobierno capitalino acord\u00f3 no cobrar a los involucrados por su actividad mientras prevalezca la crisis sanitaria, para que puedan recolectar y separar basura org\u00e1nica e inorg\u00e1nica en las rutas que tienen hasta hoy establecidas, as\u00ed como disponer de los desechos valorizables y de la composta que se genere de los residuos s\u00f3lidos org\u00e1nicos e inclusive, comercializar con n\u00facleos agrarios que la requieren.<\/p>\n","protected":false},"excerpt":{"rendered":"<p>Yuridiana Sosa\/ Zona Roja. Oaxaca de Ju\u00e1rez, Oax., 10 de septiembre de 2022.- Organizaciones de&hellip;<\/p>\n","protected":false},"author":2,"featured_media":45668,"comment_status":"closed","ping_status":"open","sticky":false,"template":"","format":"standard","meta":{"_lmt_disableupdate":"","_lmt_disable":"","_jetpack_memberships_contains_paid_content":false,"footnotes":""},"categories":[109,47],"tags":[],"class_list":["post-45669","post","type-post","status-publish","format-standard","has-post-thumbnail","hentry","category-minuto-a-minuto","category-zona-gris"],"jetpack_featured_media_url":"https:\/\/zonaroja.com.mx\/wp-content\/uploads\/2022\/09\/5b19b4a6-fee3-4959-8381-29b8064b29ee.jpg","jetpack_sharing_enabled":true,"_links":{"self":[{"href":"https:\/\/zonaroja.com.mx\/index.php?rest_route=\/wp\/v2\/posts\/45669","targetHints":{"allow":["GET"]}}],"collection":[{"href":"https:\/\/zonaroja.com.mx\/index.php?rest_route=\/wp\/v2\/posts"}],"about":[{"href":"https:\/\/zonaroja.com.mx\/index.php?rest_route=\/wp\/v2\/types\/post"}],"author":[{"embeddable":true,"href":"https:\/\/zonaroja.com.mx\/index.php?rest_route=\/wp\/v2\/users\/2"}],"replies":[{"embeddable":true,"href":"https:\/\/zonaroja.com.mx\/index.php?rest_route=%2Fwp%2Fv2%2Fcomments&post=45669"}],"version-history":[{"count":1,"href":"https:\/\/zonaroja.com.mx\/index.php?rest_route=\/wp\/v2\/posts\/45669\/revisions"}],"predecessor-version":[{"id":45670,"href":"https:\/\/zonaroja.com.mx\/index.php?rest_route=\/wp\/v2\/posts\/45669\/revisions\/45670"}],"wp:featuredmedia":[{"embeddable":true,"href":"https:\/\/zonaroja.com.mx\/index.php?rest_route=\/wp\/v2\/media\/45668"}],"wp:attachment":[{"href":"https:\/\/zonaroja.com.mx\/index.php?rest_route=%2Fwp%2Fv2%2Fmedia&parent=45669"}],"wp:term":[{"taxonomy":"category","embeddable":true,"href":"https:\/\/zonaroja.com.mx\/index.php?rest_route=%2Fwp%2Fv2%2Fcategories&post=45669"},{"taxonomy":"post_tag","embeddable":true,"href":"https:\/\/zonaroja.com.mx\/index.php?rest_route=%2Fwp%2Fv2%2Ftags&post=45669"}],"curies":[{"name":"wp","href":"https:\/\/api.w.org\/{rel}","templated":true}]}}