{"id":4567,"date":"2019-10-05T07:41:08","date_gmt":"2019-10-05T12:41:08","guid":{"rendered":"http:\/\/www.zonaroja.com.mx\/?p=4567"},"modified":"2019-10-05T07:41:11","modified_gmt":"2019-10-05T12:41:11","slug":"ministro-medina-mora-esta-implicado-en-narco-trata-y-lavado-uif","status":"publish","type":"post","link":"https:\/\/zonaroja.com.mx\/?p=4567","title":{"rendered":"Ministro Medina Mora est\u00e1 implicado en \u201cnarco\u201d, trata y lavado: UIF"},"content":{"rendered":"\n<p>Redacci\u00f3n\/Zona Roja Cdmx.<\/p>\n\n\n\n<p>Ciudad de M\u00e9xico, 5 de octubre de 2019.-\nDos mil millones de pesos de recursos de personas que enfrentan procesos por\ntrata, narcotr\u00e1fico y corrupci\u00f3n fueron desbloqueados en los pasados cuatro\nmeses y devueltos a los acusados a partir de una decisi\u00f3n jur\u00eddica de Eduardo\nMedina Mora, ministro de la Suprema Corte de Justicia de la Naci\u00f3n (SCJN).<\/p>\n\n\n\n<p>As\u00ed lo denunci\u00f3 este viernes en\nMexicali, baja California, Santiago Nieto Castillo, titular de la Unidad de\nInteligencia Financiera (UIF) de la Secretar\u00eda de Hacienda y Cr\u00e9dito P\u00fablico.<\/p>\n\n\n\n<p>Medina Mora fue demandado por la UIF\npor lavado de dinero y triangulaci\u00f3n de recursos, confirm\u00f3 Nieto Castillo en\nconferencia de prensa, quien asegur\u00f3 que el todav\u00eda ministro de la SCJN\nproteg\u00eda \u201ca personas o grupos relacionados con el gobierno anterior.<\/p>\n\n\n\n<p>\u201cNo puedo dar los datos. Tenemos una\ndenuncia presentada contra el se\u00f1or Medina Mora por un tema de triangulaci\u00f3n de\nrecursos\u201d, se\u00f1al\u00f3 Nieto Castillo. Afirm\u00f3 que la salida de la Corte del\nministro, en caso que la renuncia sea aceptada por el Senado, facilitar\u00e1 el\ncombate al lavado de dinero en M\u00e9xico.<\/p>\n\n\n\n<p>Una jurisprudencia impulsada por Medina\nMora hace cuatro meses ha sido empleada por jueces afines al todav\u00eda ministro\npara liberar recursos de personas que enfrentan acusaciones por delincuencia\norganizada, afirm\u00f3.<\/p>\n\n\n\n<p>Sostuvo que ha cuestionado c\u00f3mo a\npartir de una jurisprudencia impulsada por Medina Mora, dos mil millones de\npesos han sido desbloqueados a presuntos tratantes, supuestos pol\u00edticos\ncorruptos y personas se\u00f1aladas por narcotr\u00e1fico.<\/p>\n\n\n\n<p>En mayo de este a\u00f1o, explic\u00f3, Medina\nMora propuso un criterio jur\u00eddico a partir del cual si una solicitud de bloqueo\nde cuentas \u2013de una persona que enfrenta un juicio\u2013 viene de una instancia del\nexterior, tiene validez constitucional. <\/p>\n\n\n\n<p>\u201cPero si esa solicitud proviene de una\ndependencia nacional, como la UIF, que desarrolla una investigaci\u00f3n, deja la\nposibilidad abierta para que un juez de distrito conceda la petici\u00f3n.<\/p>\n\n\n\n<p>\u201c\u00bfQu\u00e9 es lo que sucede en los hechos?\nMuchos jueces han considerado que es preferente para la sociedad mantener los\nbloqueos de las cuentas. Pero tambi\u00e9n hemos tenido muchos jueces cercanos al\nministro Medina Mora que ordenaron la liberaci\u00f3n de las cuentas de quienes\nenfrentan las acusaciones.<\/p>\n\n\n\n<p>\u201cCuando (los jueces) ordenan el\ndesbloqueo, inmediatamente las personas, sean pol\u00edticos o narcotraficantes,\nretiran el dinero\u201d, asegur\u00f3 Nieto Castillo. <\/p>\n\n\n\n<p>Nieto Castill\u00f3 apunt\u00f3: \u201cLa valoraci\u00f3n\npersonal que yo tengo es que Medina Mora nunca debi\u00f3 haber sido ministro; no\ntiene la facultad \u00e9tica ni el conocimiento jur\u00eddico para ser ministro de la\nSuprema Corte. Fue una decisi\u00f3n pol\u00edtica que en su momento se tom\u00f3 por parte\ndel Ejecutivo federal y del Senado\u201d.<\/p>\n\n\n\n<p>Santiago Nieto explic\u00f3 la importancia\nde atacar la parte financiera de la delincuencia, porque se puede detener a\ncapos de la droga y narcomenudistas \u2013como ocurri\u00f3 en otros sexenios, cuando\nesas aprehensiones se presentaban como un gran triunfo\u2013, pero el tr\u00e1fico de\ndrogas cuenta con una reserva de dos millones de personas \u2013sobre todo j\u00f3venes\u2013\npara remplazar a los muertos y detenidos, seg\u00fan las estad\u00edsticas oficiales, por\nlo que es importante ir sobre las fortunas que aceitan el sistema\ndelincuencial.<\/p>\n\n\n\n<p>Nieto Castillo estuvo en Baja\nCalifornia para participar en la tercera Jornada contra la Corrupci\u00f3n.<\/p>\n\n\n\n<p>(Con informaci\u00f3n de \u201cLa Jornada\u201d)<\/p>\n","protected":false},"excerpt":{"rendered":"<p>Redacci\u00f3n\/Zona Roja Cdmx. Ciudad de M\u00e9xico, 5 de octubre de 2019.- Dos mil millones de&hellip;<\/p>\n","protected":false},"author":2,"featured_media":4568,"comment_status":"closed","ping_status":"open","sticky":false,"template":"","format":"standard","meta":{"_lmt_disableupdate":"","_lmt_disable":"","_jetpack_memberships_contains_paid_content":false,"footnotes":""},"categories":[109,47],"tags":[810,290],"class_list":["post-4567","post","type-post","status-publish","format-standard","has-post-thumbnail","hentry","category-minuto-a-minuto","category-zona-gris","tag-eduardo-medina-mora","tag-unidad-de-inteligencia-financiera"],"jetpack_featured_media_url":"https:\/\/zonaroja.com.mx\/wp-content\/uploads\/2019\/10\/Medina-Mora-2.jpg","jetpack_sharing_enabled":true,"_links":{"self":[{"href":"https:\/\/zonaroja.com.mx\/index.php?rest_route=\/wp\/v2\/posts\/4567","targetHints":{"allow":["GET"]}}],"collection":[{"href":"https:\/\/zonaroja.com.mx\/index.php?rest_route=\/wp\/v2\/posts"}],"about":[{"href":"https:\/\/zonaroja.com.mx\/index.php?rest_route=\/wp\/v2\/types\/post"}],"author":[{"embeddable":true,"href":"https:\/\/zonaroja.com.mx\/index.php?rest_route=\/wp\/v2\/users\/2"}],"replies":[{"embeddable":true,"href":"https:\/\/zonaroja.com.mx\/index.php?rest_route=%2Fwp%2Fv2%2Fcomments&post=4567"}],"version-history":[{"count":1,"href":"https:\/\/zonaroja.com.mx\/index.php?rest_route=\/wp\/v2\/posts\/4567\/revisions"}],"predecessor-version":[{"id":4569,"href":"https:\/\/zonaroja.com.mx\/index.php?rest_route=\/wp\/v2\/posts\/4567\/revisions\/4569"}],"wp:featuredmedia":[{"embeddable":true,"href":"https:\/\/zonaroja.com.mx\/index.php?rest_route=\/wp\/v2\/media\/4568"}],"wp:attachment":[{"href":"https:\/\/zonaroja.com.mx\/index.php?rest_route=%2Fwp%2Fv2%2Fmedia&parent=4567"}],"wp:term":[{"taxonomy":"category","embeddable":true,"href":"https:\/\/zonaroja.com.mx\/index.php?rest_route=%2Fwp%2Fv2%2Fcategories&post=4567"},{"taxonomy":"post_tag","embeddable":true,"href":"https:\/\/zonaroja.com.mx\/index.php?rest_route=%2Fwp%2Fv2%2Ftags&post=4567"}],"curies":[{"name":"wp","href":"https:\/\/api.w.org\/{rel}","templated":true}]}}