{"id":45676,"date":"2022-09-11T10:17:00","date_gmt":"2022-09-11T15:17:00","guid":{"rendered":"http:\/\/www.zonaroja.com.mx\/?p=45676"},"modified":"2022-09-11T06:50:15","modified_gmt":"2022-09-11T11:50:15","slug":"oaxaquena-seleccionada-nacional-para-el-mundial-de-karate-en-turquia","status":"publish","type":"post","link":"https:\/\/zonaroja.com.mx\/?p=45676","title":{"rendered":"Oaxaque\u00f1a, seleccionada nacional para el mundial de Karate en Turqu\u00eda"},"content":{"rendered":"\n<p>Yuridiana Sosa\/Zona Roja.<\/p>\n\n\n\n<p>Oaxaca de Ju\u00e1rez, Oax., a 11 de septiembre de 2022.- La karateca oaxaque\u00f1a Valeria&nbsp;Nogales Gin\u00e9s est\u00e1 imparable y ahora se prepara para el Campeonato Mundial de Karate Junior, Cadete y Sub-21, en Konya, Turqu\u00eda 2022.<\/p>\n\n\n\n<p>La joven universitaria, con una importante carrera deportiva que ha despegado a nivel internacional en este \u00faltimo a\u00f1o, fue convocada por la Federaci\u00f3n Mexicana de Karate (Femeka) para integrar la selecci\u00f3n nacional que representar\u00e1 a M\u00e9xico ante la competencia mundial a desarrollarse del 24 al 30 de octubre.<\/p>\n\n\n\n<p>Nogales Gines forma parte de los competidores de la categor\u00eda U21 femenil, Kumite+68, en la que ha destacado en diferentes torneos a nivel nacional e internacional, as\u00ed como es calificada por la Femeka como la mejor en dicha categor\u00eda.<\/p>\n\n\n\n<p>Esta selecci\u00f3n se suma a los \u00e9xitos que la joven de 19 a\u00f1os que este mismo a\u00f1o tambi\u00e9n fue convocada para integrar la Selecci\u00f3n Nacional Mexicana de Karate para el X Campeonato de Karate en Cali, Colombia y para el XXI Campeonato Senior y X Under 21, Junior y Cadetes Centroamericano y del Caribe de Karate Do en Colombia.<\/p>\n\n\n\n<p>\u201cEl esfuerzo, disciplina y constancia con el que te has formado desde ni\u00f1a se ven reflejados en esta etapa de competidora universitaria, y digo etapa porque es eso, s\u00f3lo una parte de tu formaci\u00f3n.<\/p>\n\n\n\n<p>\u201cMuy pronto vendr\u00e1n m\u00e1s retos en los que tendr\u00e1s que enfrentarte a otro tipo de combates, pero que al igual que en el tatami el respeto, estrategia, car\u00e1cter, control y otros muchos valores que has forjado, son por los que en realidad te inculcamos este deporte. El esfuerzo que hacemos bien vale la pena\u201d, escribi\u00f3 Salvador Nogales, padre de la joven, en su perfil de Facebook.<\/p>\n","protected":false},"excerpt":{"rendered":"<p>Yuridiana Sosa\/Zona Roja. Oaxaca de Ju\u00e1rez, Oax., a 11 de septiembre de 2022.- La karateca&hellip;<\/p>\n","protected":false},"author":2,"featured_media":45677,"comment_status":"closed","ping_status":"open","sticky":false,"template":"","format":"standard","meta":{"_lmt_disableupdate":"","_lmt_disable":"","_jetpack_memberships_contains_paid_content":false,"footnotes":""},"categories":[109,46],"tags":[3013],"class_list":["post-45676","post","type-post","status-publish","format-standard","has-post-thumbnail","hentry","category-minuto-a-minuto","category-zona-blanca","tag-valeria-nogales-gines"],"jetpack_featured_media_url":"https:\/\/zonaroja.com.mx\/wp-content\/uploads\/2022\/09\/Valeria-Nogales-.jpeg","jetpack_sharing_enabled":true,"_links":{"self":[{"href":"https:\/\/zonaroja.com.mx\/index.php?rest_route=\/wp\/v2\/posts\/45676","targetHints":{"allow":["GET"]}}],"collection":[{"href":"https:\/\/zonaroja.com.mx\/index.php?rest_route=\/wp\/v2\/posts"}],"about":[{"href":"https:\/\/zonaroja.com.mx\/index.php?rest_route=\/wp\/v2\/types\/post"}],"author":[{"embeddable":true,"href":"https:\/\/zonaroja.com.mx\/index.php?rest_route=\/wp\/v2\/users\/2"}],"replies":[{"embeddable":true,"href":"https:\/\/zonaroja.com.mx\/index.php?rest_route=%2Fwp%2Fv2%2Fcomments&post=45676"}],"version-history":[{"count":1,"href":"https:\/\/zonaroja.com.mx\/index.php?rest_route=\/wp\/v2\/posts\/45676\/revisions"}],"predecessor-version":[{"id":45678,"href":"https:\/\/zonaroja.com.mx\/index.php?rest_route=\/wp\/v2\/posts\/45676\/revisions\/45678"}],"wp:featuredmedia":[{"embeddable":true,"href":"https:\/\/zonaroja.com.mx\/index.php?rest_route=\/wp\/v2\/media\/45677"}],"wp:attachment":[{"href":"https:\/\/zonaroja.com.mx\/index.php?rest_route=%2Fwp%2Fv2%2Fmedia&parent=45676"}],"wp:term":[{"taxonomy":"category","embeddable":true,"href":"https:\/\/zonaroja.com.mx\/index.php?rest_route=%2Fwp%2Fv2%2Fcategories&post=45676"},{"taxonomy":"post_tag","embeddable":true,"href":"https:\/\/zonaroja.com.mx\/index.php?rest_route=%2Fwp%2Fv2%2Ftags&post=45676"}],"curies":[{"name":"wp","href":"https:\/\/api.w.org\/{rel}","templated":true}]}}