{"id":45680,"date":"2022-09-11T10:51:00","date_gmt":"2022-09-11T15:51:00","guid":{"rendered":"http:\/\/www.zonaroja.com.mx\/?p=45680"},"modified":"2022-09-11T07:03:59","modified_gmt":"2022-09-11T12:03:59","slug":"defiende-salomon-jara-militarizacion-de-la-guardia-nacional","status":"publish","type":"post","link":"https:\/\/zonaroja.com.mx\/?p=45680","title":{"rendered":"Defiende Salom\u00f3n Jara militarizaci\u00f3n de la Guardia Nacional"},"content":{"rendered":"\n<p>Yuridiana Sosa\/Zona Roja.<\/p>\n\n\n\n<p>Oaxaca de Ju\u00e1rez, Oax., a 11 de septiembre de 2022.- El gobernador electo de Oaxaca, Salom\u00f3n Jara Cruz, manifest\u00f3 su aprobaci\u00f3n del traspaso de adscripci\u00f3n de la Guardia Nacional a la Secretar\u00eda de la Defensa Nacional (Sedena), como lo propuso el Presidente de M\u00e9xico, Andr\u00e9s Manuel L\u00f3pez Obrador.<\/p>\n\n\n\n<p>\u201cNuestro reconocimiento a las y los senadores por este acto patri\u00f3tico que ser\u00e1 estrat\u00e9gico para lograr la pacificaci\u00f3n de nuestro pa\u00eds y recuperar la tranquilidad de las familias mexicanas que se hab\u00eda perdido por la ineptitud y corrupci\u00f3n de los gobiernos del pasado\u201d, escribi\u00f3 Jara Cruz en su cuenta oficial de Twitter.<\/p>\n\n\n\n<p>\u201cLa violencia y la inseguridad son una terrible herencia del viejo r\u00e9gimen priista y panista que ha dejado terribles consecuencias en todo el territorio nacional.<\/p>\n\n\n\n<p>\u201cAfortunadamente la estrategia de seguridad de nuestro Presidente, implementada a partir de 2018, est\u00e1 dando buenos resultados, porque se atacan las causas, con oportunidad, educaci\u00f3n, y se combate la corrupci\u00f3n; se est\u00e1n limpiando nuestros cuerpos de seguridad\u201d, dijo en un video.<\/p>\n\n\n\n<figure class=\"wp-block-embed is-type-rich is-provider-twitter wp-block-embed-twitter\"><div class=\"wp-block-embed__wrapper\">\n<div class=\"twitter-tweet\"><blockquote class=\"twitter-tweet\" data-lang=\"es\"><p lang=\"es\" dir=\"ltr\">Con la disciplina y fortaleza de la <a href=\"https:\/\/twitter.com\/SEDENAmx?ref_src=twsrc%5Etfw\">@SEDENAmx<\/a>, y la confianza de la ciudadan\u00eda en las fuerzas armadas, la <a href=\"https:\/\/twitter.com\/GN_MEXICO_?ref_src=twsrc%5Etfw\">@GN_MEXICO_<\/a> se consolidar\u00e1 como la instituci\u00f3n de seguridad que M\u00e9xico requiere. <a href=\"https:\/\/t.co\/cpIzN6AFaC\">pic.twitter.com\/cpIzN6AFaC<\/a><\/p>&mdash; Salom\u00f3n Jara Cruz (@salomonj) <a href=\"https:\/\/twitter.com\/salomonj\/status\/1568252071702323201?ref_src=twsrc%5Etfw\">9 de septiembre de 2022<\/a><\/blockquote><\/div>\n<\/div><\/figure>\n\n\n\n<p>\u201cApoyamos plenamente la iniciativa, porque lejos de ser un paso hacia la militarizaci\u00f3n, es que la Guardia Nacional cuente con el respaldo de una de las instituciones m\u00e1s honorables de nuestro pa\u00eds\u201d, remarc\u00f3 Jara Cruz.<\/p>\n\n\n\n<p>Adem\u00e1s, el pr\u00f3ximo gobernador de Oaxaca firm\u00f3 un pronunciamiento de mandatarios en funciones y electos de la cuarta transformaci\u00f3n en la que reconocieron y felicitaron a integrantes del poder legislativo de M\u00e9xico para dicha reforma.<\/p>\n\n\n\n<p>\u201cLa guerra contra el narco se orden\u00f3 por un civil, la represi\u00f3n en M\u00e9xico se ha ordenado por civiles, el mando de la Guardia Nacional desde la Sedena significa disciplina y lealtad\u201d, aseguraron.<\/p>\n\n\n\n<p>Por lo anterior y ante el escenario actual de M\u00e9xico, manifestaron el respaldo a la pol\u00edtica de seguridad del presidente Andr\u00e9s Manuel L\u00f3pez Obrador.<\/p>\n\n\n\n<p>\u201cLa presencia de la Guardia Nacional y las fuerzas armadas en nuestras entidades son un gran apoyo para disminuir los \u00edndices delictivos y pacificar nuestros territorios\u201d, indic\u00f3 el escrito.<\/p>\n\n\n\n<p>El manifiesto expres\u00f3 que en el gobierno federal actual se dej\u00f3 atr\u00e1s la reivindicaci\u00f3n de la guerra y el autoritarismo, adem\u00e1s, ya no existen acuerdos con criminales.<\/p>\n","protected":false},"excerpt":{"rendered":"<p>Yuridiana Sosa\/Zona Roja. Oaxaca de Ju\u00e1rez, Oax., a 11 de septiembre de 2022.- El gobernador&hellip;<\/p>\n","protected":false},"author":2,"featured_media":45675,"comment_status":"closed","ping_status":"open","sticky":false,"template":"","format":"standard","meta":{"_lmt_disableupdate":"","_lmt_disable":"","_jetpack_memberships_contains_paid_content":false,"footnotes":""},"categories":[109,46],"tags":[939],"class_list":["post-45680","post","type-post","status-publish","format-standard","has-post-thumbnail","hentry","category-minuto-a-minuto","category-zona-blanca","tag-salomon-jara-cruz"],"jetpack_featured_media_url":"https:\/\/zonaroja.com.mx\/wp-content\/uploads\/2022\/09\/Salomon-Jara-Cruz.jpeg","jetpack_sharing_enabled":true,"_links":{"self":[{"href":"https:\/\/zonaroja.com.mx\/index.php?rest_route=\/wp\/v2\/posts\/45680","targetHints":{"allow":["GET"]}}],"collection":[{"href":"https:\/\/zonaroja.com.mx\/index.php?rest_route=\/wp\/v2\/posts"}],"about":[{"href":"https:\/\/zonaroja.com.mx\/index.php?rest_route=\/wp\/v2\/types\/post"}],"author":[{"embeddable":true,"href":"https:\/\/zonaroja.com.mx\/index.php?rest_route=\/wp\/v2\/users\/2"}],"replies":[{"embeddable":true,"href":"https:\/\/zonaroja.com.mx\/index.php?rest_route=%2Fwp%2Fv2%2Fcomments&post=45680"}],"version-history":[{"count":1,"href":"https:\/\/zonaroja.com.mx\/index.php?rest_route=\/wp\/v2\/posts\/45680\/revisions"}],"predecessor-version":[{"id":45681,"href":"https:\/\/zonaroja.com.mx\/index.php?rest_route=\/wp\/v2\/posts\/45680\/revisions\/45681"}],"wp:featuredmedia":[{"embeddable":true,"href":"https:\/\/zonaroja.com.mx\/index.php?rest_route=\/wp\/v2\/media\/45675"}],"wp:attachment":[{"href":"https:\/\/zonaroja.com.mx\/index.php?rest_route=%2Fwp%2Fv2%2Fmedia&parent=45680"}],"wp:term":[{"taxonomy":"category","embeddable":true,"href":"https:\/\/zonaroja.com.mx\/index.php?rest_route=%2Fwp%2Fv2%2Fcategories&post=45680"},{"taxonomy":"post_tag","embeddable":true,"href":"https:\/\/zonaroja.com.mx\/index.php?rest_route=%2Fwp%2Fv2%2Ftags&post=45680"}],"curies":[{"name":"wp","href":"https:\/\/api.w.org\/{rel}","templated":true}]}}