{"id":45683,"date":"2022-09-11T07:14:42","date_gmt":"2022-09-11T12:14:42","guid":{"rendered":"http:\/\/www.zonaroja.com.mx\/?p=45683"},"modified":"2022-09-11T07:14:44","modified_gmt":"2022-09-11T12:14:44","slug":"liberan-a-presuntos-asesinos-de-bety-carino-y-jyri-jaakkola-familiares-acudiran-a-la-cidh","status":"publish","type":"post","link":"https:\/\/zonaroja.com.mx\/?p=45683","title":{"rendered":"Liberan a presuntos asesinos de Bety Cari\u00f1o y Jyri Jaakkola; familiares acudir\u00e1n a la CIDH"},"content":{"rendered":"\n<p>Redacci\u00f3n\/Zona Roja.<\/p>\n\n\n\n<p>Oaxaca de Ju\u00e1rez, Oax., a 11 de septiembre de 2022.- El Juez integrante del Tribunal Unitario de la regi\u00f3n de la Mixteca orden\u00f3 la liberaci\u00f3n de los \u00faltimos cuatro miembros del grupo \u201cparamilitar\u201d Uni\u00f3n de Bienestar Social de la Regi\u00f3n Triqui (Ubisort), implicados en el asesinato de los defensores Alberta (Bety) Cari\u00f1o Trujillo y Jyri Antero Jaakkola, el 27 de abril de 2010 en Oaxaca.<\/p>\n\n\n\n<p>A trav\u00e9s de un comunicado, el Grupo de Acci\u00f3n por los Derechos Humanos y la Justicia Social lament\u00f3 la liberaci\u00f3n ordenada el pasado 7 de septiembre y denunci\u00f3 que se trata de una prueba m\u00e1s de la complicidad entre el gobierno de Oaxaca y el grupo \u201cparamilitar\u201d.<\/p>\n\n\n\n<p>Los ahora liberados hab\u00edan sido acusados y encarcelados por el delito de homicidio calificado con ventaja, alevos\u00eda y premeditaci\u00f3n, al haber participado en la emboscada armada contra una misi\u00f3n civil de paz en las inmediaciones de San Juan Copala, en la que se encontraban Cari\u00f1o y Jaakkola.<\/p>\n\n\n\n<p>Tras la emboscada, las personas sobrevivientes fueron amenazadas de muerte por miembros de la Ubisort en caso de que se atrevieran a denunciar los hechos.&nbsp;<\/p>\n\n\n\n<p>Esto ocurri\u00f3 durante las horas en que tambi\u00e9n los mantuvieron en cautiverio. Desde entonces, tanto los representantes jur\u00eddicos de las v\u00edctimas (Acci\u00f3n_DH), como los testigos, han solicitado en m\u00faltiples ocasiones medidas de seguridad y protecci\u00f3n para las personas sobrevivientes, las testigos, as\u00ed como para la familia Esparza- Cari\u00f1o.<\/p>\n\n\n\n<p>Sin embargo, todas estas medidas han sido negadas por las autoridades tanto federales como estatales bajo el pretexto de que \u201cno hay un mecanismo de protecci\u00f3n a testigos ni v\u00edctimas en M\u00e9xico\u201d, pese a que, tanto a nivel federal como estatal, existen leyes relacionadas con estos temas y con obligaciones claras.<\/p>\n\n\n\n<p>La solicitud de protecci\u00f3n para las v\u00edctimas y los testigos, ten\u00eda como finalidad el que ellas y ellos pudieran acudir a los respectivos juicios contra los asesinos, bajo condiciones m\u00ednimas de seguridad, dado que el grupo paramilitar Ubisort sigue operando con total impunidad en Oaxaca manteniendo su poder\u00edo econ\u00f3mico y armado pr\u00e1cticamente intocado.<\/p>\n\n\n\n<p>La liberaci\u00f3n de los detenidos fue debido a que en el juicio que se sigui\u00f3 en su contra no pudieron presentarse los sobrevivientes de la emboscada ni las v\u00edctimas para se\u00f1alarlos directamente, \u201cpues todas y todos se encuentran en una alta condici\u00f3n de riesgo y algunos de ellos incluso amenazados desde hace a\u00f1os\u201d, explic\u00f3 el Grupo de Acci\u00f3n.<\/p>\n\n\n\n<p>Ante la noticia de la liberaci\u00f3n de los \u00faltimos presuntos responsables \u201cy la inviabilidad de encontrar justicia en el pa\u00eds\u201d las familias de las v\u00edctimas y su representaci\u00f3n jur\u00eddica han decidido acudir a la Comisi\u00f3n Interamericana de Derechos Humanos (CIDH).&nbsp;<\/p>\n\n\n\n<p>Adem\u00e1s, anuncian la campa\u00f1a \u00bfA qui\u00e9n protege el gobierno mexicano? para exigir que se castigue a los responsables de este crimen.<\/p>\n\n\n\n<p>\u201cLa complicidad entre el Gobierno del Estado de Oaxaca y el grupo paramilitar ha sido evidente a lo largo de estos 12 a\u00f1os pues la investigaci\u00f3n judicial tard\u00f3 cuatro a\u00f1os en iniciarse, de las 14 \u00f3rdenes de aprehensi\u00f3n libradas solo se cumplimentaron siete de ellas, destacando que previamente tanto el l\u00edder del grupo paramilitar Rufino Ju\u00e1rez, como Juan Macario Bautista, ya hab\u00edan recuperado su libertad por estos mismos hechos\u201d, destac\u00f3 en el comunicado.<\/p>\n\n\n\n<p>El pasado 7 de septiembre fueron puestos en libertad Daniel Mart\u00ednez L\u00f3pez, Antonio Solano Vel\u00e1squez, Mauro V\u00e1squez Ram\u00edrez Y El\u00edas Cruz Merino, debido a que en el juicio que se sigui\u00f3 en su contra, no pudieron presentarse los sobrevivientes ni las v\u00edctimas para se\u00f1alarlos directamente.<\/p>\n","protected":false},"excerpt":{"rendered":"<p>Redacci\u00f3n\/Zona Roja. Oaxaca de Ju\u00e1rez, Oax., a 11 de septiembre de 2022.- El Juez integrante&hellip;<\/p>\n","protected":false},"author":2,"featured_media":45684,"comment_status":"closed","ping_status":"open","sticky":false,"template":"","format":"standard","meta":{"_lmt_disableupdate":"","_lmt_disable":"","_jetpack_memberships_contains_paid_content":false,"footnotes":""},"categories":[109,47],"tags":[1647],"class_list":["post-45683","post","type-post","status-publish","format-standard","has-post-thumbnail","hentry","category-minuto-a-minuto","category-zona-gris","tag-alberta-bety-carino"],"jetpack_featured_media_url":"https:\/\/zonaroja.com.mx\/wp-content\/uploads\/2022\/09\/Bety-Carino-y-Jaakkola.jpeg","jetpack_sharing_enabled":true,"_links":{"self":[{"href":"https:\/\/zonaroja.com.mx\/index.php?rest_route=\/wp\/v2\/posts\/45683","targetHints":{"allow":["GET"]}}],"collection":[{"href":"https:\/\/zonaroja.com.mx\/index.php?rest_route=\/wp\/v2\/posts"}],"about":[{"href":"https:\/\/zonaroja.com.mx\/index.php?rest_route=\/wp\/v2\/types\/post"}],"author":[{"embeddable":true,"href":"https:\/\/zonaroja.com.mx\/index.php?rest_route=\/wp\/v2\/users\/2"}],"replies":[{"embeddable":true,"href":"https:\/\/zonaroja.com.mx\/index.php?rest_route=%2Fwp%2Fv2%2Fcomments&post=45683"}],"version-history":[{"count":1,"href":"https:\/\/zonaroja.com.mx\/index.php?rest_route=\/wp\/v2\/posts\/45683\/revisions"}],"predecessor-version":[{"id":45685,"href":"https:\/\/zonaroja.com.mx\/index.php?rest_route=\/wp\/v2\/posts\/45683\/revisions\/45685"}],"wp:featuredmedia":[{"embeddable":true,"href":"https:\/\/zonaroja.com.mx\/index.php?rest_route=\/wp\/v2\/media\/45684"}],"wp:attachment":[{"href":"https:\/\/zonaroja.com.mx\/index.php?rest_route=%2Fwp%2Fv2%2Fmedia&parent=45683"}],"wp:term":[{"taxonomy":"category","embeddable":true,"href":"https:\/\/zonaroja.com.mx\/index.php?rest_route=%2Fwp%2Fv2%2Fcategories&post=45683"},{"taxonomy":"post_tag","embeddable":true,"href":"https:\/\/zonaroja.com.mx\/index.php?rest_route=%2Fwp%2Fv2%2Ftags&post=45683"}],"curies":[{"name":"wp","href":"https:\/\/api.w.org\/{rel}","templated":true}]}}