{"id":45692,"date":"2022-09-11T13:27:51","date_gmt":"2022-09-11T18:27:51","guid":{"rendered":"https:\/\/www.zonaroja.com.mx\/?p=45692"},"modified":"2022-09-11T13:29:16","modified_gmt":"2022-09-11T18:29:16","slug":"mantiene-gobierno-estatal-esfuerzos-para-lograr-un-oaxaca-seguro-sspo","status":"publish","type":"post","link":"https:\/\/zonaroja.com.mx\/?p=45692","title":{"rendered":"Mantiene gobierno estatal esfuerzos para lograr un \u201cOaxaca seguro\u201d: SSPO"},"content":{"rendered":"\n<p>Redacci\u00f3n\/Zona Roja.&nbsp;<\/p>\n\n\n\n<p>Oaxaca de Ju\u00e1rez, Oax., a 11 de septiembre de 2022.- En la Alameda de Le\u00f3n y encabezados por la titular de la Secretar\u00eda de Seguridad P\u00fablica de Oaxaca (SSPO), Dalia Ba\u00f1os Noyola, integrantes de las \u00e1reas y corporaciones de la dependencia, se reunieron para llevar a cabo el izamiento y los honores al L\u00e1baro Patrio.&nbsp;<\/p>\n\n\n\n<p>Durante el evento conmemorativo a \u201cSeptiembre, mes de la Patria\u201d, Ba\u00f1os Noyola se\u00f1al\u00f3 que, en el gobierno de Alejandro Murat Hinojosa se ha trabajado en torno a los valores y principios que forjaron los h\u00e9roes de la independencia; poniendo un \u00e9nfasis en lograr un \u00abOaxaca Seguro\u00bb, como plataforma de gobernabilidad, orden social, de desarrollo y bienestar humano.&nbsp;<\/p>\n\n\n\n<p>Asimismo, mencion\u00f3 que esta dependencia de seguridad ha cumplido con cada una de las metas trazadas en el Plan Estrat\u00e9gico Sectorial Gobernabilidad y Seguridad, como en el Plan Estatal de Desarrollo.<\/p>\n\n\n\n<p>\u00abUn \u00e9xito logrado gracias al comportamiento profesional, disciplinado e inteligente de nuestras instituciones policiales y a la excelente coordinaci\u00f3n institucional que hemos mantenido con las Secretar\u00edas de la Defensa Nacional, Marina y Guardia Nacional\u00bb.&nbsp;<\/p>\n\n\n\n<p>Por ello, reconoci\u00f3 el trabajo, lealtad y dedicaci\u00f3n que las y los integrantes de la SSPO, pero sobre todo el compromiso que mantiene con la seguridad y bienestar de las familias oaxaque\u00f1as.&nbsp;<\/p>\n\n\n\n<p>Finalmente, la funcionaria estatal puntualiz\u00f3 que la SSPO seguir\u00e1 trabajando con el mismo esfuerzo y con iguales prop\u00f3sitos, con que ha hecho durante todo el sexenio; haciendo entrega al nuevo gobierno, un estado en orden y en paz, con una seguridad p\u00fablica de calidad que contribuye a la gobernabilidad, bienestar y desarrollo.<\/p>\n\n\n\n<p>En la ceremonia estuvieron presentes el Subsecretario de Informaci\u00f3n y Desarrollo Institucional (SIDI), H\u00e9ctor Gonz\u00e1lez Hern\u00e1ndez; Subsecretario de Prevenci\u00f3n y Reinserci\u00f3n Social, Jacobo Olaf Rodr\u00edguez Garc\u00eda; Comisionado de la Polic\u00eda Estatal, Ra\u00fal Antonio Castillejos Sol\u00eds; Director de la Polic\u00eda Vial Estatal, David Antonio Jim\u00e9nez; el Director del Heroico Cuerpo de Bomberos, Manuel Alberto Maza S\u00e1nchez y el Delegado Sindical, Joel Velasco Mart\u00ednez; as\u00ed como, directores y mandos de las \u00e1reas que conforman dicha dependencia.<\/p>\n","protected":false},"excerpt":{"rendered":"<p>Redacci\u00f3n\/Zona Roja.&nbsp; Oaxaca de Ju\u00e1rez, Oax., a 11 de septiembre de 2022.- En la Alameda&hellip;<\/p>\n","protected":false},"author":2,"featured_media":45691,"comment_status":"closed","ping_status":"open","sticky":false,"template":"","format":"standard","meta":{"_lmt_disableupdate":"","_lmt_disable":"","_jetpack_memberships_contains_paid_content":false,"footnotes":""},"categories":[109,46],"tags":[],"class_list":["post-45692","post","type-post","status-publish","format-standard","has-post-thumbnail","hentry","category-minuto-a-minuto","category-zona-blanca"],"jetpack_featured_media_url":"https:\/\/zonaroja.com.mx\/wp-content\/uploads\/2022\/09\/993dd51f-e8d7-4787-a7d7-48258fe01b27.jpg","jetpack_sharing_enabled":true,"_links":{"self":[{"href":"https:\/\/zonaroja.com.mx\/index.php?rest_route=\/wp\/v2\/posts\/45692","targetHints":{"allow":["GET"]}}],"collection":[{"href":"https:\/\/zonaroja.com.mx\/index.php?rest_route=\/wp\/v2\/posts"}],"about":[{"href":"https:\/\/zonaroja.com.mx\/index.php?rest_route=\/wp\/v2\/types\/post"}],"author":[{"embeddable":true,"href":"https:\/\/zonaroja.com.mx\/index.php?rest_route=\/wp\/v2\/users\/2"}],"replies":[{"embeddable":true,"href":"https:\/\/zonaroja.com.mx\/index.php?rest_route=%2Fwp%2Fv2%2Fcomments&post=45692"}],"version-history":[{"count":1,"href":"https:\/\/zonaroja.com.mx\/index.php?rest_route=\/wp\/v2\/posts\/45692\/revisions"}],"predecessor-version":[{"id":45693,"href":"https:\/\/zonaroja.com.mx\/index.php?rest_route=\/wp\/v2\/posts\/45692\/revisions\/45693"}],"wp:featuredmedia":[{"embeddable":true,"href":"https:\/\/zonaroja.com.mx\/index.php?rest_route=\/wp\/v2\/media\/45691"}],"wp:attachment":[{"href":"https:\/\/zonaroja.com.mx\/index.php?rest_route=%2Fwp%2Fv2%2Fmedia&parent=45692"}],"wp:term":[{"taxonomy":"category","embeddable":true,"href":"https:\/\/zonaroja.com.mx\/index.php?rest_route=%2Fwp%2Fv2%2Fcategories&post=45692"},{"taxonomy":"post_tag","embeddable":true,"href":"https:\/\/zonaroja.com.mx\/index.php?rest_route=%2Fwp%2Fv2%2Ftags&post=45692"}],"curies":[{"name":"wp","href":"https:\/\/api.w.org\/{rel}","templated":true}]}}