{"id":45694,"date":"2022-09-11T17:32:47","date_gmt":"2022-09-11T22:32:47","guid":{"rendered":"http:\/\/www.zonaroja.com.mx\/?p=45694"},"modified":"2022-09-11T17:32:48","modified_gmt":"2022-09-11T22:32:48","slug":"detiene-sspo-sujetos-en-la-capital-de-oaxaca-entre-ellos-un-objetivo-prioritario","status":"publish","type":"post","link":"https:\/\/zonaroja.com.mx\/?p=45694","title":{"rendered":"Detiene SSPO sujetos en la capital de Oaxaca, entre ellos un \u201cobjetivo prioritario\u201d"},"content":{"rendered":"\n<p>Redacci\u00f3n\/Zona Roja.<\/p>\n\n\n\n<p>Oaxaca de Ju\u00e1rez, Oax., a 11 de septiembre de 2022.- Tres presuntos delincuentes, uno de ellas considerado como \u201cobjetivo prioritario\u201d, fueron detenidos por elementos de la Polic\u00eda Estatal, dependiente de la Secretar\u00eda de Seguridad P\u00fablica de Oaxaca.<\/p>\n\n\n\n<p>La acci\u00f3n ocurri\u00f3 en la colonia La Cieneguita, de la agencia de Cinco Se\u00f1ores, ciudad de Oaxaca, en que aseguraron a los individuos que viajaban a bordo de un veh\u00edculo marca Chevrolet, tipo Aveo.<\/p>\n\n\n\n<p>Los detenidos fueron identificados con las iniciales A. C. O, de 33 a\u00f1os de edad; E. V. M, de 25 a\u00f1os de edad y A. A. L., de 38 a\u00f1os de edad, este \u00faltimo alias \u201cEl Matacholos\u201d, objetivo prioritario del gobierno, debido a sus m\u00faltiples antecedentes.&nbsp;<\/p>\n\n\n\n<p>Tambi\u00e9n fueron asegurados con armas de fuego, cartuchos y cargadores. Los imputados fueron puestos a disposici\u00f3n de las autoridades de la Fiscal\u00eda General de la Rep\u00fablica por el delito de violaci\u00f3n a la Ley General de Armas de Fuego y Explosivos.&nbsp;<\/p>\n\n\n\n<p>Con esta acci\u00f3n la Polic\u00eda Estatal evit\u00f3 la comisi\u00f3n de uno o varios delitos en la regi\u00f3n de Valles Centrales.<\/p>\n\n\n\n<p>ROBO EN TIENDA<\/p>\n\n\n\n<p>Por su partem la polic\u00eda municipal de Santa Luc\u00eda del Camino report\u00f3 la detenci\u00f3n de una persona la tarde de este domingo 11 de septiembre de 2022. Al estar realizando sus recorridos de seguridad y vigilancia a la altura de la colonia Ampliaci\u00f3n Santa Luc\u00eda, se percataron que un grupo de personas forcejeaban con una mujer que intentaba correr, por lo que de manera inmediata intervinieron, a los cuales les informaron que dicha mujer momentos antes hab\u00eda entrado a la tienda Coppel a robar.<\/p>\n\n\n\n<p>En eso lleg\u00f3 la encargada de dicha tienda y se\u00f1al\u00f3 a Lilia Araceli R.C. de 39 a\u00f1os, de llevar entre sus ropas diversos objetos que sustrajo sin haber pagado.&nbsp;<\/p>\n\n\n\n<p>Ante ello, la polic\u00eda municipal detuvo a la se\u00f1alada como presunta responsable del delito de robo. En el lugar diversos testigos la se\u00f1alan que dicha mujer se le hab\u00eda visto en la colonia pero que no conoc\u00edan a qu\u00e9 se dedicaba.<\/p>\n\n\n\n<p>Por ello, pidieron a la ciudadan\u00eda que en caso de que haya Sido v\u00edctima de robo por dicha mujer, acudan a los separos de la polic\u00eda municipal de Santa Luc\u00eda del Camino para denunciar.<\/p>\n\n\n\n<p>Con estas acciones, el gobierno que encabeza el presidente municipal Juan Carlos Garc\u00eda M\u00e1rquez, da certeza a los establecimientos en materia de seguridad y combate tambi\u00e9n los delitos de fuero com\u00fan, para evitar que estos hechos se vuelvan un mal h\u00e1bito que da\u00f1en el patrimonio de las y los habitantes de su municipio.<\/p>\n","protected":false},"excerpt":{"rendered":"<p>Redacci\u00f3n\/Zona Roja. Oaxaca de Ju\u00e1rez, Oax., a 11 de septiembre de 2022.- Tres presuntos delincuentes,&hellip;<\/p>\n","protected":false},"author":2,"featured_media":45695,"comment_status":"closed","ping_status":"open","sticky":false,"template":"","format":"standard","meta":{"_lmt_disableupdate":"","_lmt_disable":"","_jetpack_memberships_contains_paid_content":false,"footnotes":""},"categories":[109,46],"tags":[1421],"class_list":["post-45694","post","type-post","status-publish","format-standard","has-post-thumbnail","hentry","category-minuto-a-minuto","category-zona-blanca","tag-secretaria-de-seguridad-publica-de-oaxaca-sspo"],"jetpack_featured_media_url":"https:\/\/zonaroja.com.mx\/wp-content\/uploads\/2022\/09\/Matacholos-detenido-Cinco-Senores.jpg","jetpack_sharing_enabled":true,"_links":{"self":[{"href":"https:\/\/zonaroja.com.mx\/index.php?rest_route=\/wp\/v2\/posts\/45694","targetHints":{"allow":["GET"]}}],"collection":[{"href":"https:\/\/zonaroja.com.mx\/index.php?rest_route=\/wp\/v2\/posts"}],"about":[{"href":"https:\/\/zonaroja.com.mx\/index.php?rest_route=\/wp\/v2\/types\/post"}],"author":[{"embeddable":true,"href":"https:\/\/zonaroja.com.mx\/index.php?rest_route=\/wp\/v2\/users\/2"}],"replies":[{"embeddable":true,"href":"https:\/\/zonaroja.com.mx\/index.php?rest_route=%2Fwp%2Fv2%2Fcomments&post=45694"}],"version-history":[{"count":1,"href":"https:\/\/zonaroja.com.mx\/index.php?rest_route=\/wp\/v2\/posts\/45694\/revisions"}],"predecessor-version":[{"id":45696,"href":"https:\/\/zonaroja.com.mx\/index.php?rest_route=\/wp\/v2\/posts\/45694\/revisions\/45696"}],"wp:featuredmedia":[{"embeddable":true,"href":"https:\/\/zonaroja.com.mx\/index.php?rest_route=\/wp\/v2\/media\/45695"}],"wp:attachment":[{"href":"https:\/\/zonaroja.com.mx\/index.php?rest_route=%2Fwp%2Fv2%2Fmedia&parent=45694"}],"wp:term":[{"taxonomy":"category","embeddable":true,"href":"https:\/\/zonaroja.com.mx\/index.php?rest_route=%2Fwp%2Fv2%2Fcategories&post=45694"},{"taxonomy":"post_tag","embeddable":true,"href":"https:\/\/zonaroja.com.mx\/index.php?rest_route=%2Fwp%2Fv2%2Ftags&post=45694"}],"curies":[{"name":"wp","href":"https:\/\/api.w.org\/{rel}","templated":true}]}}