{"id":45698,"date":"2022-09-11T20:18:11","date_gmt":"2022-09-12T01:18:11","guid":{"rendered":"https:\/\/www.zonaroja.com.mx\/?p=45698"},"modified":"2022-09-11T20:20:57","modified_gmt":"2022-09-12T01:20:57","slug":"baja-el-covid-19-a-40-8-contagios-diarios-promedio-en-oaxaca","status":"publish","type":"post","link":"https:\/\/zonaroja.com.mx\/?p=45698","title":{"rendered":"Baja el Covid-19 a 40.8 contagios diarios promedio en Oaxaca"},"content":{"rendered":"\n<p>Redacci\u00f3n\/Zona Roja.<\/p>\n\n\n\n<p>Oaxaca de Ju\u00e1rez, Oax., 11 de septiembre de 2022.- Los Servicios de Salud de Oaxaca (SSO), informan que del per\u00edodo comprendido del 4 al 10 de septiembre la entidad registr\u00f3 un acumulado 148 mil 617 casos confirmados del virus SARS-CoV-2, de los cuales 286 se contabilizaron en estos \u00faltimos siete d\u00edas.<\/p>\n\n\n\n<p>Mientras que el global de defunciones desde el inicio de la pandemia a la fecha es de 6 mil 328. En tanto, en el per\u00edodo que se informa se notificaron seis lamentables decesos a causa de esta patolog\u00eda respiratoria. Y el promedio semanal de ocupaci\u00f3n hospitalaria fue de 13%.<\/p>\n\n\n\n<p>La dependencia, dijo que adem\u00e1s de vacunarse cuando corresponda, es necesario seguir aplicando con disciplina y responsabilidad las medidas sanitarias vigentes, como el uso correcto del cubrebocas, el lavado de manos frecuente con agua y jab\u00f3n o con soluciones alcoholadas al 70%, mantener la sana distancia, as\u00ed como priorizar lugares abiertos y con buena ventilaci\u00f3n.<\/p>\n\n\n\n<p>Puntualiz\u00f3 que ante la pr\u00f3xima celebraci\u00f3n del 212 aniversario de la Independencia de M\u00e9xico, los SSO, convocan a las y los oaxaque\u00f1os a actuar con responsabilidad para priorizar la salud, a fin de coadyuvar a la reducci\u00f3n de la propagaci\u00f3n de la pandemia.<\/p>\n\n\n\n<p>Se\u00f1al\u00f3 que si evitamos los contagios, podemos mantener actividades cotidianas que son necesarias para la sociedad, como ir a trabajar, estudiar y socializar.<\/p>\n","protected":false},"excerpt":{"rendered":"<p>Redacci\u00f3n\/Zona Roja. Oaxaca de Ju\u00e1rez, Oax., 11 de septiembre de 2022.- Los Servicios de Salud&hellip;<\/p>\n","protected":false},"author":2,"featured_media":45697,"comment_status":"closed","ping_status":"open","sticky":false,"template":"","format":"standard","meta":{"_lmt_disableupdate":"","_lmt_disable":"","_jetpack_memberships_contains_paid_content":false,"footnotes":""},"categories":[109,47],"tags":[],"class_list":["post-45698","post","type-post","status-publish","format-standard","has-post-thumbnail","hentry","category-minuto-a-minuto","category-zona-gris"],"jetpack_featured_media_url":"https:\/\/zonaroja.com.mx\/wp-content\/uploads\/2022\/09\/e2996a36-40d1-45b6-8872-03d7c6045361.jpg","jetpack_sharing_enabled":true,"_links":{"self":[{"href":"https:\/\/zonaroja.com.mx\/index.php?rest_route=\/wp\/v2\/posts\/45698","targetHints":{"allow":["GET"]}}],"collection":[{"href":"https:\/\/zonaroja.com.mx\/index.php?rest_route=\/wp\/v2\/posts"}],"about":[{"href":"https:\/\/zonaroja.com.mx\/index.php?rest_route=\/wp\/v2\/types\/post"}],"author":[{"embeddable":true,"href":"https:\/\/zonaroja.com.mx\/index.php?rest_route=\/wp\/v2\/users\/2"}],"replies":[{"embeddable":true,"href":"https:\/\/zonaroja.com.mx\/index.php?rest_route=%2Fwp%2Fv2%2Fcomments&post=45698"}],"version-history":[{"count":1,"href":"https:\/\/zonaroja.com.mx\/index.php?rest_route=\/wp\/v2\/posts\/45698\/revisions"}],"predecessor-version":[{"id":45699,"href":"https:\/\/zonaroja.com.mx\/index.php?rest_route=\/wp\/v2\/posts\/45698\/revisions\/45699"}],"wp:featuredmedia":[{"embeddable":true,"href":"https:\/\/zonaroja.com.mx\/index.php?rest_route=\/wp\/v2\/media\/45697"}],"wp:attachment":[{"href":"https:\/\/zonaroja.com.mx\/index.php?rest_route=%2Fwp%2Fv2%2Fmedia&parent=45698"}],"wp:term":[{"taxonomy":"category","embeddable":true,"href":"https:\/\/zonaroja.com.mx\/index.php?rest_route=%2Fwp%2Fv2%2Fcategories&post=45698"},{"taxonomy":"post_tag","embeddable":true,"href":"https:\/\/zonaroja.com.mx\/index.php?rest_route=%2Fwp%2Fv2%2Ftags&post=45698"}],"curies":[{"name":"wp","href":"https:\/\/api.w.org\/{rel}","templated":true}]}}