{"id":45700,"date":"2022-09-11T21:04:29","date_gmt":"2022-09-12T02:04:29","guid":{"rendered":"http:\/\/www.zonaroja.com.mx\/?p=45700"},"modified":"2022-09-11T21:04:30","modified_gmt":"2022-09-12T02:04:30","slug":"otro-presunto-suicidio-en-carcel-de-oaxaca-ahora-en-juquila","status":"publish","type":"post","link":"https:\/\/zonaroja.com.mx\/?p=45700","title":{"rendered":"Otro presunto suicidio en c\u00e1rcel de Oaxaca, ahora en Juquila"},"content":{"rendered":"\n<p>Ismael Garc\u00eda M.\/Zona Roja.<\/p>\n\n\n\n<p>Oaxaca de Ju\u00e1rez, Oax., a 11 de septiembre de 2022.- Otra persona presuntamente se sucid\u00f3 en una celda municipal.<\/p>\n\n\n\n<p>Ocurri\u00f3 ahora en el municipio de Santa Catarina Juaquila, donde los probables responsables intentaron ocultar el caso y hacerlo pasar por una v\u00edctima de una enfermedad, por lo cual la poblaci\u00f3n se irrit\u00f3 y este domingo tiene retenidos a funcionarios locales.<\/p>\n\n\n\n<p>La noche del viernes 9 de septiembre, en el marco de un baile popular, elementos de la polic\u00eda municipal detuvieron al ciudadano Isidoro C. C., por faltas administrativas.<\/p>\n\n\n\n<p>Pero el detenido presuntamente se suicid\u00f3, a\u00fan por causas desconocidas, sin que se dieran cuenta los polic\u00edas municipales, al mando del comandante Jos\u00e9 Luis Virgen P\u00e9rez.<\/p>\n\n\n\n<p>Presuntamente \u00e9ste orden\u00f3 sacar el cuerpo, subirlo a la batea de una patrulla y trasladarlo al hospital de Juquila; no obstante, al llegar les informaron que ya no ten\u00eda signos vitales.<\/p>\n\n\n\n<p>Supuestamente el peritaje fue que se hab\u00eda broncoaspirado; no obstante, peritos de la Fiscal\u00eda General del Estado hallaron huellas de ahorcamiento, por lo cual investigan el caso.<\/p>\n\n\n\n<p>Ante ello, desde ayer hay una irritaci\u00f3n social en ese municipio, visitado por miles de personas a causa de la virge de Juquila y por lo cual los pobladores detuvieron y encerraron al s\u00edndico municipal y a un polic\u00eda.<\/p>\n\n\n\n<p>Demandan que se haga justicia y que se investiguen las causas de este probable homicidio, pues presumen que fue golpeado por \u00f3rdenes de la autoridad municipal.<\/p>\n\n\n\n<p>Hasta el momento la situaci\u00f3n contin\u00faa tensa en ese municipio de la regi\u00f3n Costa del estado.<\/p>\n\n\n\n<p>Apenas el pasado 19 de agosto muri\u00f3 tambi\u00e9n en separos municipales la joven Flor Abigail H. U., cuyo caso contin\u00faa en investigaci\u00f3n; d\u00edas atr\u00e1s de esa fecha, un centroamericano muri\u00f3 en una c\u00e1rcel de Santa Mar\u00eda Huatulco.<\/p>\n","protected":false},"excerpt":{"rendered":"<p>Ismael Garc\u00eda M.\/Zona Roja. Oaxaca de Ju\u00e1rez, Oax., a 11 de septiembre de 2022.- Otra&hellip;<\/p>\n","protected":false},"author":2,"featured_media":45701,"comment_status":"closed","ping_status":"open","sticky":false,"template":"","format":"standard","meta":{"_lmt_disableupdate":"","_lmt_disable":"","_jetpack_memberships_contains_paid_content":false,"footnotes":""},"categories":[109,47],"tags":[545],"class_list":["post-45700","post","type-post","status-publish","format-standard","has-post-thumbnail","hentry","category-minuto-a-minuto","category-zona-gris","tag-santa-catarina-juquila"],"jetpack_featured_media_url":"https:\/\/zonaroja.com.mx\/wp-content\/uploads\/2022\/09\/Detenidos-Juquila.jpg","jetpack_sharing_enabled":true,"_links":{"self":[{"href":"https:\/\/zonaroja.com.mx\/index.php?rest_route=\/wp\/v2\/posts\/45700","targetHints":{"allow":["GET"]}}],"collection":[{"href":"https:\/\/zonaroja.com.mx\/index.php?rest_route=\/wp\/v2\/posts"}],"about":[{"href":"https:\/\/zonaroja.com.mx\/index.php?rest_route=\/wp\/v2\/types\/post"}],"author":[{"embeddable":true,"href":"https:\/\/zonaroja.com.mx\/index.php?rest_route=\/wp\/v2\/users\/2"}],"replies":[{"embeddable":true,"href":"https:\/\/zonaroja.com.mx\/index.php?rest_route=%2Fwp%2Fv2%2Fcomments&post=45700"}],"version-history":[{"count":1,"href":"https:\/\/zonaroja.com.mx\/index.php?rest_route=\/wp\/v2\/posts\/45700\/revisions"}],"predecessor-version":[{"id":45702,"href":"https:\/\/zonaroja.com.mx\/index.php?rest_route=\/wp\/v2\/posts\/45700\/revisions\/45702"}],"wp:featuredmedia":[{"embeddable":true,"href":"https:\/\/zonaroja.com.mx\/index.php?rest_route=\/wp\/v2\/media\/45701"}],"wp:attachment":[{"href":"https:\/\/zonaroja.com.mx\/index.php?rest_route=%2Fwp%2Fv2%2Fmedia&parent=45700"}],"wp:term":[{"taxonomy":"category","embeddable":true,"href":"https:\/\/zonaroja.com.mx\/index.php?rest_route=%2Fwp%2Fv2%2Fcategories&post=45700"},{"taxonomy":"post_tag","embeddable":true,"href":"https:\/\/zonaroja.com.mx\/index.php?rest_route=%2Fwp%2Fv2%2Ftags&post=45700"}],"curies":[{"name":"wp","href":"https:\/\/api.w.org\/{rel}","templated":true}]}}