{"id":45703,"date":"2022-09-11T21:35:29","date_gmt":"2022-09-12T02:35:29","guid":{"rendered":"http:\/\/www.zonaroja.com.mx\/?p=45703"},"modified":"2022-09-11T21:35:30","modified_gmt":"2022-09-12T02:35:30","slug":"ataque-armado-deja-un-muerto-y-dos-heridos-en-juxtlahuaca-oaxaca","status":"publish","type":"post","link":"https:\/\/zonaroja.com.mx\/?p=45703","title":{"rendered":"Ataque armado deja un muerto y dos heridos en Juxtlahuaca, Oaxaca"},"content":{"rendered":"\n<p>Redacci\u00f3n\/Zona Roja.<\/p>\n\n\n\n<p>Oaxaca de Ju\u00e1rez, Oax., a 11 de septiembre de 2022.- Una persona fallecida y dos m\u00e1s lesionadas es el saldo de un ataque armado ocurrido este domingo en un bar de Santiago Juxtlahuaca, municipio de la regi\u00f3n Mixteca de Oaxaca.<\/p>\n\n\n\n<p>Los hechos ocurrieron en la madrugada en que sujetos armados ingresaron al establecimiento \u201cEl Turi\u201d y dispararon de manera directa contra el propietario y dem\u00e1s clientes.<\/p>\n\n\n\n<p>La v\u00edctima fue identificada de manera preliminar Omar Luj\u00e1n Castillo, mientras que una mujer de 26 a\u00f1os de edad y un individuo de 38 a\u00f1os, fueron trasladados al hospital del IMSS de Juxtlahuaca.<\/p>\n\n\n\n<p>La Fiscal\u00eda General del Estado de Oaxaca inici\u00f3 las indagatorias correspondientes y hasta el momento no hay reporte de personas detenidas por este caso.<\/p>\n","protected":false},"excerpt":{"rendered":"<p>Redacci\u00f3n\/Zona Roja. Oaxaca de Ju\u00e1rez, Oax., a 11 de septiembre de 2022.- Una persona fallecida&hellip;<\/p>\n","protected":false},"author":2,"featured_media":45704,"comment_status":"closed","ping_status":"open","sticky":false,"template":"","format":"standard","meta":{"_lmt_disableupdate":"","_lmt_disable":"","_jetpack_memberships_contains_paid_content":false,"footnotes":""},"categories":[109,51],"tags":[826],"class_list":["post-45703","post","type-post","status-publish","format-standard","has-post-thumbnail","hentry","category-minuto-a-minuto","category-zona-roja","tag-santiago-juxtlahuaca"],"jetpack_featured_media_url":"https:\/\/zonaroja.com.mx\/wp-content\/uploads\/2022\/09\/Asesinado-Juxtlahuaca.jpeg","jetpack_sharing_enabled":true,"_links":{"self":[{"href":"https:\/\/zonaroja.com.mx\/index.php?rest_route=\/wp\/v2\/posts\/45703","targetHints":{"allow":["GET"]}}],"collection":[{"href":"https:\/\/zonaroja.com.mx\/index.php?rest_route=\/wp\/v2\/posts"}],"about":[{"href":"https:\/\/zonaroja.com.mx\/index.php?rest_route=\/wp\/v2\/types\/post"}],"author":[{"embeddable":true,"href":"https:\/\/zonaroja.com.mx\/index.php?rest_route=\/wp\/v2\/users\/2"}],"replies":[{"embeddable":true,"href":"https:\/\/zonaroja.com.mx\/index.php?rest_route=%2Fwp%2Fv2%2Fcomments&post=45703"}],"version-history":[{"count":1,"href":"https:\/\/zonaroja.com.mx\/index.php?rest_route=\/wp\/v2\/posts\/45703\/revisions"}],"predecessor-version":[{"id":45705,"href":"https:\/\/zonaroja.com.mx\/index.php?rest_route=\/wp\/v2\/posts\/45703\/revisions\/45705"}],"wp:featuredmedia":[{"embeddable":true,"href":"https:\/\/zonaroja.com.mx\/index.php?rest_route=\/wp\/v2\/media\/45704"}],"wp:attachment":[{"href":"https:\/\/zonaroja.com.mx\/index.php?rest_route=%2Fwp%2Fv2%2Fmedia&parent=45703"}],"wp:term":[{"taxonomy":"category","embeddable":true,"href":"https:\/\/zonaroja.com.mx\/index.php?rest_route=%2Fwp%2Fv2%2Fcategories&post=45703"},{"taxonomy":"post_tag","embeddable":true,"href":"https:\/\/zonaroja.com.mx\/index.php?rest_route=%2Fwp%2Fv2%2Ftags&post=45703"}],"curies":[{"name":"wp","href":"https:\/\/api.w.org\/{rel}","templated":true}]}}