{"id":45706,"date":"2022-09-12T07:20:03","date_gmt":"2022-09-12T12:20:03","guid":{"rendered":"http:\/\/www.zonaroja.com.mx\/?p=45706"},"modified":"2022-09-12T07:20:05","modified_gmt":"2022-09-12T12:20:05","slug":"quinto-ano-el-declive-de-lopez-obrador-y-el-fracaso-de-la-4t","status":"publish","type":"post","link":"https:\/\/zonaroja.com.mx\/?p=45706","title":{"rendered":"Quinto a\u00f1o: el declive de L\u00f3pez Obrador y el fracaso de la 4T"},"content":{"rendered":"\n<p>Ismael Garc\u00eda M.\/Zona Roja.<\/p>\n\n\n\n<p>Oaxaca de Ju\u00e1rez, Oax., a 12 de septiembre de 2022.- En menos de tres meses se cumplen ya cuatro a\u00f1os del gobierno de Andr\u00e9s Manuel L\u00f3pez Obrador, y con ello inicia el declive de una administraci\u00f3n que acumula en cascada m\u00faltiples se\u00f1alamientos.<\/p>\n\n\n\n<p>El 1 de diciembre iniciar\u00e1 el quinto a\u00f1o y el proceso de cierre del que ser\u00e1, o es desde ahora, uno de los sexenios m\u00e1s pol\u00e9micos, por la fallida Cuarta Transformaci\u00f3n y por decisiones impopulares e ineficaces, como el de trasladar a la Guardia Nacional a la Secretar\u00eda de la Defensa y por prolongar el lapso en que los militares est\u00e9n en las calles.<\/p>\n\n\n\n<p>El mandato de L\u00f3pez Obrador ser\u00e1 recordado por olvidarse de sus anhelos de democracia y gobernar, as\u00ed como por hacer pol\u00edtica, al estilo del PRI; por culpar en todo el tiempo a los \u201cconservadores\u201d y a los gobiernos anteriores; por fracasar en materia de seguridad y por rendirse ante el crimen organizado, entre muchos otros saldos fallidos.<\/p>\n\n\n\n<p>\u00bfY OAXACA?<\/p>\n\n\n\n<p>Por extra\u00f1o que parezca, Oaxaca es uno de los tres estados del pa\u00eds donde mayor popularidad tiene Andr\u00e9s Manuel L\u00f3pez Obrador. Por consecuencia, su partido, Morena, sigue con similar arrastre electoral, como qued\u00f3 demostrado en la elecci\u00f3n que gan\u00f3 Salom\u00f3n Jara Cruz.<\/p>\n\n\n\n<p>Pero la \u00fanica explicaci\u00f3n es le entrega directa de dinero para adultos mayores, madres de familia, estudiantes, j\u00f3venes, campesino, que a\u00f1os atr\u00e1s tambi\u00e9n contaban con esa ayuda financiera, aunque en menores proporciones.<\/p>\n\n\n\n<p>S\u00ed, explotar la pobreza le ha servido a Andr\u00e9s Manuel L\u00f3pez Obrador para sus fines propagand\u00edsticos, m\u00e1s que de gobernabilidad.<\/p>\n\n\n\n<p>En cambio, sus obras emblem\u00e1ticas siguen con fuertes retrasos, como es el Corredor Trans\u00edstimico, que el pr\u00f3ximo a\u00f1o tiene prevista una diminuci\u00f3n del 24.35 por ciento de presupuesto y a\u00fan faltar\u00edan al menos cinco a\u00f1os para concluir tanto la ampliaci\u00f3n del puerto de Salina Cruz como la rehabilitaci\u00f3n de la v\u00eda f\u00e9rrea hacia Veracruz; la oposici\u00f3n de varios pueblos, una de las causas.<\/p>\n\n\n\n<p>Las supercarreteras a la Costa y el Istmo, es otra de las acciones que no muestran importantes avances. El gobernador Alejandro Murat quer\u00eda entregar la v\u00eda r\u00e1pida a Puerto Escondido antes de irse, pero apenas el domingo pasado constat\u00f3 que a\u00fan falta el 10 por ciento para concluirla y que persiste la resistencia de San Vicente Coatl\u00e1n, zona donde est\u00e1n parados los trabajos desde hace muchos a\u00f1os.<\/p>\n\n\n\n<p>La v\u00eda r\u00e1pida al Istmo, que gestion\u00f3 su padre Jos\u00e9 Murat, ni siquiera se ha anunciado ya una fecha de conclusi\u00f3n.<\/p>\n\n\n\n<p>Quiz\u00e1 el \u00fanico acierto en materia de obra p\u00fablica es la construcci\u00f3n de caminos \u201cartesanales\u201d, pero nadie sabe cu\u00e1ntos se han concluido y a qu\u00e9 cabeceras municipales, como tampoco cu\u00e1ntas m\u00e1s se tiene previsto realizar.<\/p>\n\n\n\n<p>Por lo dem\u00e1s, ni la pobreza ha disminuido ni hay satisfactorios sociales a un mayor n\u00famero de personas. No hay obras de gran envergadura; no hay un apoyo extraordinario al campo (por el contrario se incrementaron las tarifas de la CFE para los productores agr\u00edcolas); no hay nuevas carreteras federales ni rehabilitaciones relevantes\u2026<\/p>\n\n\n\n<p>CRISIS SEXENAL<\/p>\n\n\n\n<p>A nivel nacional, apenas la semana pasada, de acuerdo con el Informe sobre Desarrollo Humano 2021-22, de la ONU, M\u00e9xico cay\u00f3 12 lugares en el mundo en el \u00cdndice de Desarrollo Humano.<\/p>\n\n\n\n<p>Adem\u00e1s, perdi\u00f3 en este gobierno, diez a\u00f1os de desarrollo; los mexicanos redujeron cuatro a\u00f1os su esperanza de vida y en -6.3% su ingreso per c\u00e1pita.<\/p>\n\n\n\n<p>Los datos son contundentes pero, como en el lenguaje del Presidente, eso es culpa de los \u201cconservadores\u201d, aunque la crisis sea de este sexenio.<\/p>\n\n\n\n<p>El pasado 1 de septiembre, L\u00f3pez Obrador ley\u00f3 un documento sobre su cuarto informe de gobierno, que muchos catalogaron un resumen de sus conferencias matutinas cotidianas y nada sustancioso.<\/p>\n\n\n\n<p>En cambio, envi\u00f3 a su secretario de Gobernaci\u00f3n al Congreso de la Uni\u00f3n a entregar dicho informe, en lugar de acudir personalmente y dar un mensaje ante la representaci\u00f3n popular.<\/p>\n\n\n\n<p>Pero los saldos negativos son en todos lados y pese a su intensa propaganda: el crimen organizado d\u00eda con d\u00eda se extiende y utiliza cada vez m\u00e1s los m\u00e9todos terroristas para defender y ampliar su presencia.\u00a0El Ej\u00e9rcito y la Marina, imp\u00e1vidos.<\/p>\n\n\n\n<p>Este lunes, en su an\u00e1lisis, el articulista de \u201cReforma\u201d, Sergio Sarmiento, desnuda la versi\u00f3n de un gobierno austero a republicano, a un gobierno burocr\u00e1tico, con excesivos gastos y desperdicio de dinero:<\/p>\n\n\n\n<p>\u201cEl presidente L\u00f3pez Obrador se enorgullece de haber pasado de la austeridad republicana a la pobreza franciscana. Pero es nada m\u00e1s en la palabra y en los gastos que no le gustan. La verdad es que no ha habido austeridad. El gasto ha aumentado y se elevar\u00e1 m\u00e1s el a\u00f1o que viene.<\/p>\n\n\n\n<p>\u201cEn 2018, \u00faltimo a\u00f1o de Enrique Pe\u00f1a Nieto, el gasto neto pagado federal fue de 5 billones 447 mil millones de pesos. Para 2022 el Congreso le aprob\u00f3 a AMLO 7 billones 48 mil millones de pesos. Para 2023 L\u00f3pez Obrador est\u00e1 solicitando un gasto neto de 8 billones 257 mil millones de pesos, 11.6 por ciento real m\u00e1s que lo autorizado en 2022.\u00a0<\/p>\n\n\n\n<p>\u201cDe aprobarse el presupuesto como est\u00e1, y sabemos que al Presidente no le gusta que le cambien ni una coma, el gasto en 2023 ser\u00e1 52.6 por ciento mayor que el \u00faltimo de Pe\u00f1a Nieto\u201d.<\/p>\n\n\n\n<p>En la mayor\u00eda de los rubros, principalmente en el econ\u00f3mico (como la inflaci\u00f3n que super\u00f3 de manera hist\u00f3rica el ocho por ciento), no hay m\u00e1s que retrocesos y saldos negativos, pese a que al Presidente no le guste reconocerlo y descalifique vez tras vez desde el p\u00falpito ma\u00f1anero a quienes se\u00f1alan, con datos, los saldos negativos.<\/p>\n\n\n\n<p>Por poner un ejemplo, entregar dinero a todos los mayores de 65 a\u00f1os puede ser una ayuda, pero no disminuye la pobreza. De acuerdo con M\u00e9xico Eval\u00faa, la Secretar\u00eda de Hacienda ha estimado que el 20% m\u00e1s pobre de la poblaci\u00f3n recibe el 7.7% de los recursos del programa Pensiones Para el Bienestar de los Adultos Mayores. En cambio, el 20% m\u00e1s rico obtiene el 20.9% de tales recursos, seg\u00fan el recuento que hizo el periodista Ra\u00fal Trejo Delarbre.<\/p>\n\n\n\n<p>El mandatario mexicano presume la construcci\u00f3n en medio sexenio de un aeropuerto internacional, que dice tuvo ahorros de 100 mil millones de pesos, pero no dice que la destrucci\u00f3n del proyecto anterior en Texcoco, de Pe\u00f1a Nieto, cost\u00f3 330 mil millones de pesos.<\/p>\n\n\n\n<p>El Tre Maya, un excesivo dispendio y una excesiva destrucci\u00f3n de \u00e1reas naturales; nuevas refiner\u00edas, un excesivo dispendio y pocas expectativas de producci\u00f3n.<\/p>\n\n\n\n<p>Em materia de seguridad, el Presidente ha dicho que \u201cdurante los gobiernos neoliberales no se redujo el n\u00famero de delitos del fuero federal en 30%\u2026 con Fox aument\u00f3 el n\u00famero de homicidios en 1.6%, con Calder\u00f3n casi 200%, con Pe\u00f1a Nieto 60%. Nosotros lo hemos disminuido en 10%\u201d.<\/p>\n\n\n\n<p>De nuevo las cifras dicen lo contrario, pues durante todo el sexenio de Felipe Calder\u00f3n hubo 120 mil 400 homicidios dolosos. En el transcurso del gobierno de L\u00f3pez Obrador, que lleva menos de cuatro a\u00f1os, han ocurrido m\u00e1s de 126 mil homicidios dolosos.<\/p>\n\n\n\n<p>DESIGUALES<\/p>\n\n\n\n<p>Cada vez que el Presidente de M\u00e9xico quiere compararse con sus antecesores, saca la frase: \u201cNo somos iguales\u201d.<\/p>\n\n\n\n<p>Pero en los hechos hace exactamente lo mismo que hicieron los ex mandatarios priistas y panistas.<\/p>\n\n\n\n<p>Cada vez que sus opositores develan cifras que contrastan con su gobierno, los descalifica y los exhibe a nivel nacional, incluyendo a los periodistas, quienes por cierto tambi\u00e9n registran un saldo rojo en este sexenio.<\/p>\n\n\n\n<p>La culpa es de los \u00abconservadores\u00bb, no de L\u00f3pez Obrador; la culpa es de los ricos y los empresarios, a\u00fan cuando sean sus principales aliados ahora; la culpa es de otros, no es del Presidente.<\/p>\n\n\n\n<p>Como seguramente tambi\u00e9n ser\u00e1 culpa de otros el que M\u00e9xico cada d\u00eda est\u00e9 m\u00e1s militarizado, contrario a los postulados obradoristas. El Ej\u00e9rcito cada vez m\u00e1s invade \u00e1reas civiles, como la de la construcci\u00f3n, pero nadie de la Cuarta Transformaci\u00f3n se inmuta.<\/p>\n\n\n\n<p>Un triunfo para el mandatario pero una derrota para la mayor\u00eda de la poblaci\u00f3n, el que la Guardia Nacional dependa directamente de la Sedena y hasta el secretario ser\u00e1 responsable de esa corporaci\u00f3n.<\/p>\n\n\n\n<p>Un triunfo para pocos el que se decida que los militares sigan en las calles hasta el 2028, un terror para muchos.<\/p>\n\n\n\n<p>La corrupci\u00f3n fue de gobiernos anteriores, no en el sexenio actual, aunque un caso emblem\u00e1tico sea la dependencia Seguridad Alimentaria (Segalmex) y otras dependencias. Y la polarizaci\u00f3n del pa\u00eds avanza. As\u00ed no se puede lograr un pa\u00eds m\u00e1s democr\u00e1ticos y m\u00e1s pr\u00f3spero.<\/p>\n","protected":false},"excerpt":{"rendered":"<p>Ismael Garc\u00eda M.\/Zona Roja. Oaxaca de Ju\u00e1rez, Oax., a 12 de septiembre de 2022.- En&hellip;<\/p>\n","protected":false},"author":2,"featured_media":41735,"comment_status":"closed","ping_status":"open","sticky":false,"template":"","format":"standard","meta":{"_lmt_disableupdate":"","_lmt_disable":"","_jetpack_memberships_contains_paid_content":false,"footnotes":""},"categories":[456,109,48],"tags":[1353],"class_list":["post-45706","post","type-post","status-publish","format-standard","has-post-thumbnail","hentry","category-columna","category-minuto-a-minuto","category-zona-critica","tag-opinion-zona-critica"],"jetpack_featured_media_url":"https:\/\/zonaroja.com.mx\/wp-content\/uploads\/2022\/05\/Opinion-Ismael-Garcia-M.jpg","jetpack_sharing_enabled":true,"_links":{"self":[{"href":"https:\/\/zonaroja.com.mx\/index.php?rest_route=\/wp\/v2\/posts\/45706","targetHints":{"allow":["GET"]}}],"collection":[{"href":"https:\/\/zonaroja.com.mx\/index.php?rest_route=\/wp\/v2\/posts"}],"about":[{"href":"https:\/\/zonaroja.com.mx\/index.php?rest_route=\/wp\/v2\/types\/post"}],"author":[{"embeddable":true,"href":"https:\/\/zonaroja.com.mx\/index.php?rest_route=\/wp\/v2\/users\/2"}],"replies":[{"embeddable":true,"href":"https:\/\/zonaroja.com.mx\/index.php?rest_route=%2Fwp%2Fv2%2Fcomments&post=45706"}],"version-history":[{"count":1,"href":"https:\/\/zonaroja.com.mx\/index.php?rest_route=\/wp\/v2\/posts\/45706\/revisions"}],"predecessor-version":[{"id":45707,"href":"https:\/\/zonaroja.com.mx\/index.php?rest_route=\/wp\/v2\/posts\/45706\/revisions\/45707"}],"wp:featuredmedia":[{"embeddable":true,"href":"https:\/\/zonaroja.com.mx\/index.php?rest_route=\/wp\/v2\/media\/41735"}],"wp:attachment":[{"href":"https:\/\/zonaroja.com.mx\/index.php?rest_route=%2Fwp%2Fv2%2Fmedia&parent=45706"}],"wp:term":[{"taxonomy":"category","embeddable":true,"href":"https:\/\/zonaroja.com.mx\/index.php?rest_route=%2Fwp%2Fv2%2Fcategories&post=45706"},{"taxonomy":"post_tag","embeddable":true,"href":"https:\/\/zonaroja.com.mx\/index.php?rest_route=%2Fwp%2Fv2%2Ftags&post=45706"}],"curies":[{"name":"wp","href":"https:\/\/api.w.org\/{rel}","templated":true}]}}