{"id":45715,"date":"2022-09-12T11:24:00","date_gmt":"2022-09-12T16:24:00","guid":{"rendered":"http:\/\/www.zonaroja.com.mx\/?p=45715"},"modified":"2022-09-12T13:49:03","modified_gmt":"2022-09-12T18:49:03","slug":"ofensiva-en-ucrania-seguira-hasta-lograr-objetivos-afirma-rusia","status":"publish","type":"post","link":"https:\/\/zonaroja.com.mx\/?p=45715","title":{"rendered":"Ofensiva en Ucrania seguir\u00e1 hasta lograr objetivos, afirma Rusia"},"content":{"rendered":"\n<p>Redacci\u00f3n\/Zona Roja Cdmx.<\/p>\n\n\n\n<p>Ciudad de M\u00e9xico, a 12 de septiembre de 2022.- Rusia afirm\u00f3 este&nbsp;lunes que bombarde\u00f3 zonas reconquistadas por Ucrania en el este, y avis\u00f3 de que su ofensiva militar continuar\u00e1&nbsp;hasta lograr sus objetivos.&nbsp;<\/p>\n\n\n\n<p>Las fuerzas rusas se vieron obligadas a replegarse en varias zonas de la regi\u00f3n de J\u00e1rkov (este), sobre todo en las ciudades claves de Kupiansk e Izium, ante la contraofensiva del ej\u00e9rcito de Kiev.&nbsp;<\/p>\n\n\n\n<p>Tras esta retirada, la aviaci\u00f3n y la artiller\u00eda estaban \u00abllevando a cabo ataques de precisi\u00f3n contra unidades y reservas de las fuerzas armadas ucranianas\u00bb, declar\u00f3 este&nbsp;lunes el portavoz del ministerio ruso de Defensa, Igor Konashenkov.<\/p>\n\n\n\n<p>En las zonas de las localidades de Kupiansk y de Izium, combatientes y equipamientos de la formaci\u00f3n nacionalista &#8216;Kraken&#8217;, de la 113\u00aa brigada de defensa territorial y de la 93\u00aa brigada mecanizada fueron alcanzados\u00bb, precis\u00f3.<\/p>\n\n\n\n<p>A\u00f1adi\u00f3 que 250 militares ucranianos hab\u00edan muerto.&nbsp;<\/p>\n\n\n\n<p>El ministerio ruso tambi\u00e9n declar\u00f3 que se hab\u00edan bombardeado varios objetivos en la regi\u00f3n de Jers\u00f3n, m\u00e1s al sur, donde las fuerzas de Kiev lanzaron otra contraofensiva.&nbsp;<\/p>\n\n\n\n<p>Por el momento, estas afirmaciones no pudieron ser verificadas con una fuente independiente.&nbsp;<\/p>\n\n\n\n<p>Pese al rev\u00e9s que supone la retirada de las fuerzas rusas en la regi\u00f3n de J\u00e1rkov, la ofensiva en Ucrania \u00abprosigue, y continuar\u00e1 hasta que se alcancen los objetivos inicialmente fijados\u00bb, indic\u00f3 a la prensa el portavoz del Kremlin, Dmitri Peskov.<\/p>\n\n\n\n<p>Peskov agreg\u00f3 que no ve perspectivas de negociaciones entre Mosc\u00fa y Kiev.&nbsp;<\/p>\n\n\n\n<p>(Informaci\u00f3n de \u201cExc\u00e9lsior\u201d)<\/p>\n","protected":false},"excerpt":{"rendered":"<p>Redacci\u00f3n\/Zona Roja Cdmx. Ciudad de M\u00e9xico, a 12 de septiembre de 2022.- Rusia afirm\u00f3 este&nbsp;lunes&hellip;<\/p>\n","protected":false},"author":2,"featured_media":38003,"comment_status":"closed","ping_status":"open","sticky":false,"template":"","format":"standard","meta":{"_lmt_disableupdate":"","_lmt_disable":"","_jetpack_memberships_contains_paid_content":false,"footnotes":""},"categories":[109,47],"tags":[3040],"class_list":["post-45715","post","type-post","status-publish","format-standard","has-post-thumbnail","hentry","category-minuto-a-minuto","category-zona-gris","tag-conflicto-ucrania-rusia-2"],"jetpack_featured_media_url":"https:\/\/zonaroja.com.mx\/wp-content\/uploads\/2022\/02\/Guerra-Rusia-Ucrania.jpg","jetpack_sharing_enabled":true,"_links":{"self":[{"href":"https:\/\/zonaroja.com.mx\/index.php?rest_route=\/wp\/v2\/posts\/45715","targetHints":{"allow":["GET"]}}],"collection":[{"href":"https:\/\/zonaroja.com.mx\/index.php?rest_route=\/wp\/v2\/posts"}],"about":[{"href":"https:\/\/zonaroja.com.mx\/index.php?rest_route=\/wp\/v2\/types\/post"}],"author":[{"embeddable":true,"href":"https:\/\/zonaroja.com.mx\/index.php?rest_route=\/wp\/v2\/users\/2"}],"replies":[{"embeddable":true,"href":"https:\/\/zonaroja.com.mx\/index.php?rest_route=%2Fwp%2Fv2%2Fcomments&post=45715"}],"version-history":[{"count":1,"href":"https:\/\/zonaroja.com.mx\/index.php?rest_route=\/wp\/v2\/posts\/45715\/revisions"}],"predecessor-version":[{"id":45716,"href":"https:\/\/zonaroja.com.mx\/index.php?rest_route=\/wp\/v2\/posts\/45715\/revisions\/45716"}],"wp:featuredmedia":[{"embeddable":true,"href":"https:\/\/zonaroja.com.mx\/index.php?rest_route=\/wp\/v2\/media\/38003"}],"wp:attachment":[{"href":"https:\/\/zonaroja.com.mx\/index.php?rest_route=%2Fwp%2Fv2%2Fmedia&parent=45715"}],"wp:term":[{"taxonomy":"category","embeddable":true,"href":"https:\/\/zonaroja.com.mx\/index.php?rest_route=%2Fwp%2Fv2%2Fcategories&post=45715"},{"taxonomy":"post_tag","embeddable":true,"href":"https:\/\/zonaroja.com.mx\/index.php?rest_route=%2Fwp%2Fv2%2Ftags&post=45715"}],"curies":[{"name":"wp","href":"https:\/\/api.w.org\/{rel}","templated":true}]}}