{"id":45717,"date":"2022-09-12T11:35:00","date_gmt":"2022-09-12T16:35:00","guid":{"rendered":"http:\/\/www.zonaroja.com.mx\/?p=45717"},"modified":"2022-09-12T08:36:50","modified_gmt":"2022-09-12T13:36:50","slug":"artista-plastico-oaxaqueno-trasciende-en-el-extranjero-con-sus-raices","status":"publish","type":"post","link":"https:\/\/zonaroja.com.mx\/?p=45717","title":{"rendered":"Artista pl\u00e1stico oaxaque\u00f1o trasciende en el extranjero con sus ra\u00edces"},"content":{"rendered":"\n<p>Yuridiana Sosa\/Zona Roja.<\/p>\n\n\n\n<p>Oaxaca de Ju\u00e1rez, Oax., 12 septiembre de 2022.- Las ra\u00edces de la Sierra, la Mixteca, el Istmo y Valles Centrales de Oaxaca, dan alma a los \u00f3leos del artista pl\u00e1stico Fulgencio Lazo, oriundo de esp\u00edritu, cuerpo y tradici\u00f3n de las tres regiones, a las que tiene presentes a pesar de la distancia.<\/p>\n\n\n\n<p>Radicado en Washington, Estados Unidos, desde hace casi tres d\u00e9cadas, el pintor regres\u00f3 a Oaxaca para exponer en su alma mater, la Universidad Aut\u00f3noma \u201cBenito Ju\u00e1rez\u201d, junto con dos colegas m\u00e1s, egresados de la Escuela de Bellas Artes en 1989.<\/p>\n\n\n\n<p>\u201cTriples Miradas\u201d es el trabajo conjunto a trav\u00e9s del que el ex alumno del pintor japon\u00e9s-mexicano Shinzaburo Takeda muestra parte de su obra y talento que ha recorrido la Uni\u00f3n Americana, Jap\u00f3n, M\u00e9xico y algunas ciudades europeas.<\/p>\n\n\n\n<p>Emocionado por volver a su casa de estudios, a la tierra que lo vio crecer y la que le sigue dando inspiraci\u00f3n, Fulgencio Lazo llama a los nuevos artistas a no abandonar sus sue\u00f1os.<\/p>\n\n\n\n<p>MIGRA UN TALENTO<\/p>\n\n\n\n<p>Fulgencio Lazo hace honor en su arte a su m\u00faltiple ra\u00edz oaxaque\u00f1a, la cual es cada vez m\u00e1s admirada y reconocida en el extranjero.<\/p>\n\n\n\n<p>De padre oriundo de la Mixteca, madre de la Sierra Norte, pero nacido en el Istmo y pasar gran parte de su vida en la capital oaxaque\u00f1a, le han dado al maestro la posibilidad de explotar en sus obras Oaxaca, desde un estilo \u00fanico.<\/p>\n\n\n\n<p>Tras egresar de la UABJO, Lazo asisti\u00f3 a Estados Unidos para aprender la t\u00e9cnica de litograf\u00eda, con el fin de poder emprender un proyecto desde un taller de Oaxaca, pero encontr\u00f3 el amor, raz\u00f3n suficiente para echar ra\u00edces desde Seattle.<\/p>\n\n\n\n<p>Desde ah\u00ed y desde ese entonces, su arte no se detuvo, as\u00ed como a trav\u00e9s de \u00e9sta integrar una comunidad de promotores de la cultura de M\u00e9xico y Oaxaca.<\/p>\n\n\n\n<p>\u201cLa sangre y ra\u00edz oaxaque\u00f1a nos hace juntarnos, tenemos un buen prestigio. Somos bien aceptados, reconocidos\u201d, expres\u00f3 Fulgencio sobre la presencia de los oaxaque\u00f1os en Estados Unidos y c\u00f3mo son vistos por los nativos.<\/p>\n\n\n\n<p>Fulgencio siente y vive el arraigo de los oaxaque\u00f1os, quienes junto a otros connacionales se organizan para realizar actividades en museos y fechas importantes culturalmente como \u201cD\u00eda de Muertos\u201d.<\/p>\n\n\n\n<p>MOTIVACI\u00d3N<\/p>\n\n\n\n<p>El artista, con casi 40 a\u00f1os, invit\u00f3 a los j\u00f3venes a no darse por vencidos en el camino del arte. \u201cEs un camino largo, de sacrificios\u201d, pero todo ello, dice, tiene recompensas y cuando encuentras estabilidad lo puedes disfrutar a\u00fan m\u00e1s.<\/p>\n\n\n\n<p>&nbsp;Tambi\u00e9n celebr\u00f3 las facilidades que la UABJO ofreci\u00f3 a las generaciones en el arte, pues pas\u00f3 de ser un curso t\u00e9cnico a una licenciatura.&nbsp;<\/p>\n","protected":false},"excerpt":{"rendered":"<p>Yuridiana Sosa\/Zona Roja. Oaxaca de Ju\u00e1rez, Oax., 12 septiembre de 2022.- Las ra\u00edces de la&hellip;<\/p>\n","protected":false},"author":2,"featured_media":45718,"comment_status":"closed","ping_status":"open","sticky":false,"template":"","format":"standard","meta":{"_lmt_disableupdate":"","_lmt_disable":"","_jetpack_memberships_contains_paid_content":false,"footnotes":""},"categories":[109,46],"tags":[3256],"class_list":["post-45717","post","type-post","status-publish","format-standard","has-post-thumbnail","hentry","category-minuto-a-minuto","category-zona-blanca","tag-fulgencio-lazo"],"jetpack_featured_media_url":"https:\/\/zonaroja.com.mx\/wp-content\/uploads\/2022\/09\/Artista-plastico-Fulgencio-Lazo.jpg","jetpack_sharing_enabled":true,"_links":{"self":[{"href":"https:\/\/zonaroja.com.mx\/index.php?rest_route=\/wp\/v2\/posts\/45717","targetHints":{"allow":["GET"]}}],"collection":[{"href":"https:\/\/zonaroja.com.mx\/index.php?rest_route=\/wp\/v2\/posts"}],"about":[{"href":"https:\/\/zonaroja.com.mx\/index.php?rest_route=\/wp\/v2\/types\/post"}],"author":[{"embeddable":true,"href":"https:\/\/zonaroja.com.mx\/index.php?rest_route=\/wp\/v2\/users\/2"}],"replies":[{"embeddable":true,"href":"https:\/\/zonaroja.com.mx\/index.php?rest_route=%2Fwp%2Fv2%2Fcomments&post=45717"}],"version-history":[{"count":1,"href":"https:\/\/zonaroja.com.mx\/index.php?rest_route=\/wp\/v2\/posts\/45717\/revisions"}],"predecessor-version":[{"id":45719,"href":"https:\/\/zonaroja.com.mx\/index.php?rest_route=\/wp\/v2\/posts\/45717\/revisions\/45719"}],"wp:featuredmedia":[{"embeddable":true,"href":"https:\/\/zonaroja.com.mx\/index.php?rest_route=\/wp\/v2\/media\/45718"}],"wp:attachment":[{"href":"https:\/\/zonaroja.com.mx\/index.php?rest_route=%2Fwp%2Fv2%2Fmedia&parent=45717"}],"wp:term":[{"taxonomy":"category","embeddable":true,"href":"https:\/\/zonaroja.com.mx\/index.php?rest_route=%2Fwp%2Fv2%2Fcategories&post=45717"},{"taxonomy":"post_tag","embeddable":true,"href":"https:\/\/zonaroja.com.mx\/index.php?rest_route=%2Fwp%2Fv2%2Ftags&post=45717"}],"curies":[{"name":"wp","href":"https:\/\/api.w.org\/{rel}","templated":true}]}}