{"id":45729,"date":"2022-09-12T19:54:40","date_gmt":"2022-09-13T00:54:40","guid":{"rendered":"http:\/\/www.zonaroja.com.mx\/?p=45729"},"modified":"2022-09-12T19:54:42","modified_gmt":"2022-09-13T00:54:42","slug":"crece-enojo-en-rio-hondo-protesta-cumple-7-dias-y-amaga-con-asistir-al-grito-oficial","status":"publish","type":"post","link":"https:\/\/zonaroja.com.mx\/?p=45729","title":{"rendered":"Crece enojo en R\u00edo Hondo; protesta cumple 7 d\u00edas y amaga con asistir al Grito oficial"},"content":{"rendered":"\n<p>Yuridiana Sosa\/Zona Roja.<\/p>\n\n\n\n<p>Oaxaca de Ju\u00e1rez, Oax., 12 de septiembre de 2022.- A una semana de mantener protestas, pobladores y autoridades auxiliares de San Mateo R\u00edo Hondo se manifestaron en el Congreso del Estado, para exigir la revocaci\u00f3n de mandato del presidente municipal, \u00c1ngel Gerardo Ruiz Vel\u00e1squez, por presunto desv\u00edo de recursos.<\/p>\n\n\n\n<p>Una representaci\u00f3n de los inconformes traslad\u00f3 la manifestaci\u00f3n a la sede del Poder Legislativo, en San Raymundo Jalpan, al no tener respuesta por parte de la Secretar\u00eda General de Gobierno (Segego) a pesar del cierre vial que aplican desde hace siete d\u00edas sobre la carretera federal 175 Oaxaca-Puerto \u00c1ngel.<\/p>\n\n\n\n<p>La comunidad decidi\u00f3 en asamblea general el pasado 5 de septiembre la revocaci\u00f3n de mandato de Ruiz Vel\u00e1squez por desv\u00edos de cerca de 50 millones de pesos, 18 millones correspondientes al Ramo 33, Fondo 3, Fondo 4, y del Ramo 28, y 30 millones otorgados por el desastre del hurac\u00e1n \u201cAgatha\u201d.<\/p>\n\n\n\n<p>Sobre la aplicaci\u00f3n de los recursos, el edil no ha informado a la poblaci\u00f3n, en la que tampoco existen obras que justifiquen el dinero, destaca la poblaci\u00f3n.<\/p>\n\n\n\n<p>La protesta est\u00e1 encabezada por el agente municipal de San Jos\u00e9 del Pac\u00edfico y el regidor de Ecolog\u00eda, Amelio Pedro Matus, a quien el edil responsabiliza de tratar de desestabilizar a la comunidad; versi\u00f3n que neg\u00f3 el funcionario.<\/p>\n\n\n\n<p>La manifestaci\u00f3n continuar\u00e1 en tanto no haya el esclarecimiento de los recursos y la destituci\u00f3n del presidente municipal, advirtieron los pobladores de San Mateo en el marco del inicio de su segunda semana de movilizaciones.\u00a0<\/p>\n\n\n\n<figure class=\"wp-block-embed is-type-rich is-provider-twitter wp-block-embed-twitter\"><div class=\"wp-block-embed__wrapper\">\n<div class=\"twitter-tweet\"><blockquote class=\"twitter-tweet\" data-lang=\"es\"><p lang=\"es\" dir=\"ltr\"><a href=\"https:\/\/twitter.com\/hashtag\/%C3%9AltimoMinuto?src=hash&amp;ref_src=twsrc%5Etfw\">#\u00daltimoMinuto<\/a> <br>La inconformidad de agencias de San Mateo R\u00edo Hondo lleg\u00f3 a la sede del <a href=\"https:\/\/twitter.com\/CongresoOaxaca_?ref_src=twsrc%5Etfw\">@CongresoOaxaca_<\/a>, para exigir el cese del edil.<br>Anuncian protesta el 15 de septiembre, en la ceremonia del Grito.<br>Siguen bloqueos en carretera a la Costa, a la altura de San Jos\u00e9 del Pacifico. <a href=\"https:\/\/t.co\/SZXbLPXtC4\">pic.twitter.com\/SZXbLPXtC4<\/a><\/p>&mdash; Zona Roja Oaxaca (@ZonaRoja_Oaxaca) <a href=\"https:\/\/twitter.com\/ZonaRoja_Oaxaca\/status\/1569433856876630016?ref_src=twsrc%5Etfw\">12 de septiembre de 2022<\/a><\/blockquote><\/div>\n<\/div><\/figure>\n","protected":false},"excerpt":{"rendered":"<p>Yuridiana Sosa\/Zona Roja. Oaxaca de Ju\u00e1rez, Oax., 12 de septiembre de 2022.- A una semana&hellip;<\/p>\n","protected":false},"author":2,"featured_media":45730,"comment_status":"closed","ping_status":"open","sticky":false,"template":"","format":"standard","meta":{"_lmt_disableupdate":"","_lmt_disable":"","_jetpack_memberships_contains_paid_content":false,"footnotes":""},"categories":[109,47],"tags":[3258],"class_list":["post-45729","post","type-post","status-publish","format-standard","has-post-thumbnail","hentry","category-minuto-a-minuto","category-zona-gris","tag-san-mateo-rio-hondo"],"jetpack_featured_media_url":"https:\/\/zonaroja.com.mx\/wp-content\/uploads\/2022\/09\/Protesta-Rio-Hondo-Congreso.jpg","jetpack_sharing_enabled":true,"_links":{"self":[{"href":"https:\/\/zonaroja.com.mx\/index.php?rest_route=\/wp\/v2\/posts\/45729","targetHints":{"allow":["GET"]}}],"collection":[{"href":"https:\/\/zonaroja.com.mx\/index.php?rest_route=\/wp\/v2\/posts"}],"about":[{"href":"https:\/\/zonaroja.com.mx\/index.php?rest_route=\/wp\/v2\/types\/post"}],"author":[{"embeddable":true,"href":"https:\/\/zonaroja.com.mx\/index.php?rest_route=\/wp\/v2\/users\/2"}],"replies":[{"embeddable":true,"href":"https:\/\/zonaroja.com.mx\/index.php?rest_route=%2Fwp%2Fv2%2Fcomments&post=45729"}],"version-history":[{"count":1,"href":"https:\/\/zonaroja.com.mx\/index.php?rest_route=\/wp\/v2\/posts\/45729\/revisions"}],"predecessor-version":[{"id":45731,"href":"https:\/\/zonaroja.com.mx\/index.php?rest_route=\/wp\/v2\/posts\/45729\/revisions\/45731"}],"wp:featuredmedia":[{"embeddable":true,"href":"https:\/\/zonaroja.com.mx\/index.php?rest_route=\/wp\/v2\/media\/45730"}],"wp:attachment":[{"href":"https:\/\/zonaroja.com.mx\/index.php?rest_route=%2Fwp%2Fv2%2Fmedia&parent=45729"}],"wp:term":[{"taxonomy":"category","embeddable":true,"href":"https:\/\/zonaroja.com.mx\/index.php?rest_route=%2Fwp%2Fv2%2Fcategories&post=45729"},{"taxonomy":"post_tag","embeddable":true,"href":"https:\/\/zonaroja.com.mx\/index.php?rest_route=%2Fwp%2Fv2%2Ftags&post=45729"}],"curies":[{"name":"wp","href":"https:\/\/api.w.org\/{rel}","templated":true}]}}