{"id":4573,"date":"2019-10-05T08:06:26","date_gmt":"2019-10-05T13:06:26","guid":{"rendered":"http:\/\/www.zonaroja.com.mx\/?p=4573"},"modified":"2019-10-05T08:06:29","modified_gmt":"2019-10-05T13:06:29","slug":"podrian-salir-libres-todos-los-inculpados-por-caso-ayotzniapa","status":"publish","type":"post","link":"https:\/\/zonaroja.com.mx\/?p=4573","title":{"rendered":"Podr\u00edan salir libres todos los inculpados por caso Ayotzniapa"},"content":{"rendered":"\n<p>Redacci\u00f3n\/Zona Roja Cdmx.<\/p>\n\n\n\n<p>Ciudad de M\u00e9xico, 5 de octubre de 2019.-\nUn juez de distrito del estado de Tamaulipas orden\u00f3 tres nuevas liberaciones de\npersonas supuestamente involucradas en la desaparici\u00f3n de los 43 normalistas de\nAyotzinapa, como parte de un escenario en donde pr\u00e1cticamente todos los\nacusados por este hecho podr\u00edan obtener su libertad debido a fallas procesales.<\/p>\n\n\n\n<p>As\u00ed lo reconoci\u00f3 ayer el subsecretario\nde Derechos Humanos de la Secretar\u00eda de Gobernaci\u00f3n, Alejandro Encinas, durante\nsu participaci\u00f3n en el foro internacional Fiscal\u00edas de derechos humanos.<\/p>\n\n\n\n<p>Lament\u00f3 que el titular del juzgado\nprimero de distrito de procesos federales en Tamaulipas, Samuel Ventura Ramos,\nde manera sistem\u00e1tica y consecutiva ha ordenado la liberaci\u00f3n de un total de 29\npresuntos involucrados en el ataque contra los estudiantes. <\/p>\n\n\n\n<p>El pasado 4 de septiembre, record\u00f3,\npuso en libertad a Gildardo L\u00f3pez Astudillo, \u201cEl Gil\u201d; el 14 de ese mismo mes,\na otras 24 personas procesadas por delincuencia organizada y desaparici\u00f3n\nforzada, y el pasado jueves a tres hombres m\u00e1s que estaban acusados por los\ncargos de delincuencia organizada y secuestro.<\/p>\n\n\n\n<p>Uno de los tres nuevos liberados,\nespecific\u00f3 Encinas, es Osiel Ben\u00edtez, procesado por el delito de delincuencia\norganizada, \u201cquien sali\u00f3 de la c\u00e1rcel ayer (jueves) y seguramente ma\u00f1ana \u2013en\notro \u2018sabadazo\u2019\u2013 obtendr\u00e1n su libertad Carlos Canto Salgado y Ra\u00fal Javier\nCrespo\u201d.<\/p>\n\n\n\n<p>Con dichos fallos, lament\u00f3, solamente\nen menos de un mes, este juez ha liberado a 29 personas, con lo cual, de las\n142 personas que ten\u00edamos detenidas por el caso Ayotzinapa, solamente quedan 64\nbajo proceso, y con estos criterios, todos pueden obtener la libertad en breve.<\/p>\n\n\n\n<p>Encinas subray\u00f3 que aunque se debe\ngarantizar el derecho de los imputados a no sufrir tortura ni vejaciones de\nninguna especie, tambi\u00e9n hay que garantizar el derecho de las v\u00edctimas, por lo\nque debe evitarse la pr\u00e1ctica de liberar a personas en casos donde hay\nelementos para suponer que cometieron delitos.<\/p>\n\n\n\n<p>\u201cPor el contrario, lo que hoy tenemos\nes un escenario de plena impunidad: quedan impunes quienes cometen los delitos\ny agravian a las familias, y quedan libres e impunes quienes cometen pr\u00e1cticas\nde tortura o la integraci\u00f3n indebida de los procesos de investigaci\u00f3n\u201d.<\/p>\n\n\n\n<p>El subsecretario indic\u00f3 que el gobierno\nfederal ya hizo un planteamiento ante el Consejo de la Judicatura Federal y la\nSuprema Corte (sobre el caso del juez Ventura Ramos), \u201cy esperamos que haya un\ntrabajo diligente para que se resuelva esta situaci\u00f3n, pues aunque las\ninvestigaciones se hayan hecho mal, no debe exonerarse a personas que\nevidentemente cometieron delitos\u201d.<\/p>\n","protected":false},"excerpt":{"rendered":"<p>Redacci\u00f3n\/Zona Roja Cdmx. Ciudad de M\u00e9xico, 5 de octubre de 2019.- Un juez de distrito&hellip;<\/p>\n","protected":false},"author":2,"featured_media":4574,"comment_status":"closed","ping_status":"open","sticky":false,"template":"","format":"standard","meta":{"_lmt_disableupdate":"","_lmt_disable":"","_jetpack_memberships_contains_paid_content":false,"footnotes":""},"categories":[109,47],"tags":[823],"class_list":["post-4573","post","type-post","status-publish","format-standard","has-post-thumbnail","hentry","category-minuto-a-minuto","category-zona-gris","tag-desaparecidos-ayotzinapa-guerrero"],"jetpack_featured_media_url":"https:\/\/zonaroja.com.mx\/wp-content\/uploads\/2019\/10\/43.jpg","jetpack_sharing_enabled":true,"_links":{"self":[{"href":"https:\/\/zonaroja.com.mx\/index.php?rest_route=\/wp\/v2\/posts\/4573","targetHints":{"allow":["GET"]}}],"collection":[{"href":"https:\/\/zonaroja.com.mx\/index.php?rest_route=\/wp\/v2\/posts"}],"about":[{"href":"https:\/\/zonaroja.com.mx\/index.php?rest_route=\/wp\/v2\/types\/post"}],"author":[{"embeddable":true,"href":"https:\/\/zonaroja.com.mx\/index.php?rest_route=\/wp\/v2\/users\/2"}],"replies":[{"embeddable":true,"href":"https:\/\/zonaroja.com.mx\/index.php?rest_route=%2Fwp%2Fv2%2Fcomments&post=4573"}],"version-history":[{"count":1,"href":"https:\/\/zonaroja.com.mx\/index.php?rest_route=\/wp\/v2\/posts\/4573\/revisions"}],"predecessor-version":[{"id":4575,"href":"https:\/\/zonaroja.com.mx\/index.php?rest_route=\/wp\/v2\/posts\/4573\/revisions\/4575"}],"wp:featuredmedia":[{"embeddable":true,"href":"https:\/\/zonaroja.com.mx\/index.php?rest_route=\/wp\/v2\/media\/4574"}],"wp:attachment":[{"href":"https:\/\/zonaroja.com.mx\/index.php?rest_route=%2Fwp%2Fv2%2Fmedia&parent=4573"}],"wp:term":[{"taxonomy":"category","embeddable":true,"href":"https:\/\/zonaroja.com.mx\/index.php?rest_route=%2Fwp%2Fv2%2Fcategories&post=4573"},{"taxonomy":"post_tag","embeddable":true,"href":"https:\/\/zonaroja.com.mx\/index.php?rest_route=%2Fwp%2Fv2%2Ftags&post=4573"}],"curies":[{"name":"wp","href":"https:\/\/api.w.org\/{rel}","templated":true}]}}