{"id":45733,"date":"2022-09-12T21:11:00","date_gmt":"2022-09-13T02:11:00","guid":{"rendered":"http:\/\/www.zonaroja.com.mx\/?p=45733"},"modified":"2022-09-12T21:33:26","modified_gmt":"2022-09-13T02:33:26","slug":"paradas-las-obras-de-supercarretera-oaxaca-costa-y-preven-inauguracion","status":"publish","type":"post","link":"https:\/\/zonaroja.com.mx\/?p=45733","title":{"rendered":"Paradas, las obras de supercarretera Oaxaca-Costa; y prev\u00e9n inauguraci\u00f3n"},"content":{"rendered":"\n<p>Yuridiana Sosa\/Zona Roja.<\/p>\n\n\n\n<p>Oaxaca de Ju\u00e1rez, Oax., 12 de septiembre de 2022.- En un en\u00e9simo recorrido a la obra de la supercarretera a la Costa, tramo Barranca Larga-Ventanilla, el gobernador de Oaxaca, Alejandro Murat, destac\u00f3 que podr\u00eda inaugurarse en noviembre, antes que termine su mandato.<\/p>\n\n\n\n<p>Sin embargo, la autoridad estatal como la federal reconocieron que hay un tramo en que los trabajos est\u00e1n parados, debido a la oposici\u00f3n de San Vicente Coatl\u00e1n, y a nulos avances en las negociaciones del conflicto que mantiene con Sola de Vega.<\/p>\n\n\n\n<p>La meta del mandatario es calificarse el logro de esta vialidad -con m\u00e1s de 20 a\u00f1os en proyecto de ejecuci\u00f3n-, por lo que con un avance del 90 por ciento, anunci\u00f3 este domingo una nueva y posible fecha para abrir el paso de la supercarretera Oaxaca-Costa.<\/p>\n\n\n\n<p>En abril de este a\u00f1o, en un recorrido por este mismo tramo, la autoridad indic\u00f3 que la obra se inaugurar\u00eda a finales de a\u00f1o, con posibilidades para el mes de diciembre.<\/p>\n\n\n\n<p>Murat Hinojosa inform\u00f3 este fin de semana que el avance en el tramo Barranca Larga-Ventanilla es superior al 90 por ciento, mientras que el di\u00e1logo con la comunidad de San Vicente Coatl\u00e1n permanece, \u201ccon el compromiso de poder inaugurarla en noviembre, vamos trabajando\u201d, enfatiz\u00f3.<\/p>\n\n\n\n<p>La visita estuvo acompa\u00f1ada por el &nbsp;subsecretario de Infraestructura de la Secretar\u00eda de Infraestructura, Comunicaciones y Transportes, Jorge Nu\u00f1o Lara, quein expres\u00f3 que con el apoyo de la comunidad y acuerdos se avanzar\u00e1 m\u00e1s r\u00e1pido para terminar el viaducto, y \u201cterminarla este mismo a\u00f1o\u201d, sin precisar mes.<\/p>\n\n\n\n<p>Por su parte, el secretario General de Gobierno de Oaxaca, Francisco Garc\u00eda, se comprometi\u00f3 a intensificar las reuniones con la poblaci\u00f3n para que sean parte del esfuerzo del gobierno federal hacia dicho proyecto.<\/p>\n\n\n\n<p>Durante este a\u00f1o, el mandatario estatal ha realizado diversas visitas desde inicio de a\u00f1o, algunas han ocurrido en abril, cuando se report\u00f3 un avance del 79.3 por ciento en el tramo Barranca Larga-Ventanilla; despu\u00e9s realiz\u00f3 recorridos en mayo y junio.<\/p>\n\n\n\n<p>Con esta autopista, el tiempo de traslado de la capital a la Costa se prev\u00e9 acortarlo de cuatro a poco m\u00e1s de dos horas.<\/p>\n\n\n\n<figure class=\"wp-block-embed is-type-rich is-provider-twitter wp-block-embed-twitter\"><div class=\"wp-block-embed__wrapper\">\n<div class=\"twitter-tweet\"><blockquote class=\"twitter-tweet\" data-lang=\"es\"><p lang=\"es\" dir=\"ltr\">Supervisamos carretera <a href=\"https:\/\/twitter.com\/hashtag\/Costa?src=hash&amp;ref_src=twsrc%5Etfw\">#Costa<\/a> \u2066<a href=\"https:\/\/twitter.com\/jorgenunol?ref_src=twsrc%5Etfw\">@jorgenunol<\/a>\u2069 \u2066<a href=\"https:\/\/twitter.com\/PacoPiza9?ref_src=twsrc%5Etfw\">@PacoPiza9<\/a>\u2069 <a href=\"https:\/\/t.co\/t5mIiGXZ4v\">pic.twitter.com\/t5mIiGXZ4v<\/a><\/p>&mdash; Alejandro Murat (@alejandromurat) <a href=\"https:\/\/twitter.com\/alejandromurat\/status\/1569060807912161286?ref_src=twsrc%5Etfw\">11 de septiembre de 2022<\/a><\/blockquote><\/div>\n<\/div><\/figure>\n","protected":false},"excerpt":{"rendered":"<p>Yuridiana Sosa\/Zona Roja. Oaxaca de Ju\u00e1rez, Oax., 12 de septiembre de 2022.- En un en\u00e9simo&hellip;<\/p>\n","protected":false},"author":2,"featured_media":45734,"comment_status":"closed","ping_status":"open","sticky":false,"template":"","format":"standard","meta":{"_lmt_disableupdate":"","_lmt_disable":"","_jetpack_memberships_contains_paid_content":false,"footnotes":""},"categories":[109,46],"tags":[173],"class_list":["post-45733","post","type-post","status-publish","format-standard","has-post-thumbnail","hentry","category-minuto-a-minuto","category-zona-blanca","tag-alejandro-murat-hinojosa"],"jetpack_featured_media_url":"https:\/\/zonaroja.com.mx\/wp-content\/uploads\/2022\/09\/Suoercarretera-Costa-Oaxca.jpg","jetpack_sharing_enabled":true,"_links":{"self":[{"href":"https:\/\/zonaroja.com.mx\/index.php?rest_route=\/wp\/v2\/posts\/45733","targetHints":{"allow":["GET"]}}],"collection":[{"href":"https:\/\/zonaroja.com.mx\/index.php?rest_route=\/wp\/v2\/posts"}],"about":[{"href":"https:\/\/zonaroja.com.mx\/index.php?rest_route=\/wp\/v2\/types\/post"}],"author":[{"embeddable":true,"href":"https:\/\/zonaroja.com.mx\/index.php?rest_route=\/wp\/v2\/users\/2"}],"replies":[{"embeddable":true,"href":"https:\/\/zonaroja.com.mx\/index.php?rest_route=%2Fwp%2Fv2%2Fcomments&post=45733"}],"version-history":[{"count":2,"href":"https:\/\/zonaroja.com.mx\/index.php?rest_route=\/wp\/v2\/posts\/45733\/revisions"}],"predecessor-version":[{"id":45737,"href":"https:\/\/zonaroja.com.mx\/index.php?rest_route=\/wp\/v2\/posts\/45733\/revisions\/45737"}],"wp:featuredmedia":[{"embeddable":true,"href":"https:\/\/zonaroja.com.mx\/index.php?rest_route=\/wp\/v2\/media\/45734"}],"wp:attachment":[{"href":"https:\/\/zonaroja.com.mx\/index.php?rest_route=%2Fwp%2Fv2%2Fmedia&parent=45733"}],"wp:term":[{"taxonomy":"category","embeddable":true,"href":"https:\/\/zonaroja.com.mx\/index.php?rest_route=%2Fwp%2Fv2%2Fcategories&post=45733"},{"taxonomy":"post_tag","embeddable":true,"href":"https:\/\/zonaroja.com.mx\/index.php?rest_route=%2Fwp%2Fv2%2Ftags&post=45733"}],"curies":[{"name":"wp","href":"https:\/\/api.w.org\/{rel}","templated":true}]}}