{"id":45738,"date":"2022-09-13T09:59:00","date_gmt":"2022-09-13T14:59:00","guid":{"rendered":"http:\/\/www.zonaroja.com.mx\/?p=45738"},"modified":"2022-09-13T06:27:11","modified_gmt":"2022-09-13T11:27:11","slug":"europa-vive-el-momento-mas-peligroso-por-covid-y-viruela-del-mono-oms","status":"publish","type":"post","link":"https:\/\/zonaroja.com.mx\/?p=45738","title":{"rendered":"Europa vive el momento m\u00e1s peligroso por covid y viruela del mono: OMS"},"content":{"rendered":"\n<p>Redacci\u00f3n\/Zona Roja Cdmx.<\/p>\n\n\n\n<p>Ciudad de M\u00e9xico, a 13 de septiembre de 2022.- El director general de la Organizaci\u00f3n Mundial de la Salud (OMS), Tedros Adhanom Ghebreyesus, inform\u00f3 de que la reducci\u00f3n de contagios de coronavirus y de viruela del mono que en las \u00faltimas semanas se est\u00e1 produciendo en los pa\u00edses europeos ponen a la regi\u00f3n en el momento \u00abm\u00e1s peligroso\u00bb ya que la relajaci\u00f3n de medidas puede aumentar la transmisi\u00f3n.<\/p>\n\n\n\n<p>Tedros se pronunci\u00f3 as\u00ed durante su participaci\u00f3n en la 72 Reuni\u00f3n del Comit\u00e9 Regional de la Organizaci\u00f3n Mundial de la Salud para Europa, donde asegur\u00f3 que Europa va a tener que vivir con el Covid-19 pero \u00abno con la viruela del mono\u00bb, siempre y cuando lleve a cabo las medidas necesarias para controlar, frenar y eliminar su transmisi\u00f3n, ya que en ning\u00fan pa\u00eds la enfermedad es end\u00e9mica.<\/p>\n\n\n\n<p>\u00abSe ha registrado una disminuci\u00f3n sostenida de la transmisi\u00f3n de viruela del mono en la mayor\u00eda de los pa\u00edses europeos, pero esta tendencia puede ser el momento m\u00e1s peligroso si abre la puerta a la complacencia\u00bb, recalc\u00f3 el dirigente del organismo de Naciones Unidas.<\/p>\n\n\n\n<p>Asimismo, y respecto a la pandemia del coronavirus, Tedros ha destacado la alta cobertura de vacunaci\u00f3n en Europa, si bien ha advertido de que todav\u00eda un tercio de la poblaci\u00f3n europea sigue sin vacunarse, el 25 por ciento de los trabajadores sanitarios y el 20 por ciento de las personas mayores.<\/p>\n\n\n\n<p>\u00abEstas brechas en la vacunaci\u00f3n representan un riesgo para todos, al igual que la reducci\u00f3n precipitada de la realizaci\u00f3n de pruebas y de la secuenciaci\u00f3n del virus, ya que no nos est\u00e1 permitiendo ver c\u00f3mo est\u00e1 cambiando el virus, a pesar de que es razonable esperar que con la llegada del fr\u00edo vaya a haber un aumento de la transmisi\u00f3n y de las muertes\u00bb, recalc\u00f3 Tedros.<\/p>\n\n\n\n<p>Durante el encuentro, el director general de la OMS mantuvo diversos encuentros como, por ejemplo, con la ministra de Sanidad, Carolina Darias, en el que han hablado sobre ambas enfermedades y ha agradecido al Gobierno de Espa\u00f1a su apoyo y la inversi\u00f3n que ha realizado en el desarrollo de las vacunas contra el coronavirus.<\/p>\n","protected":false},"excerpt":{"rendered":"<p>Redacci\u00f3n\/Zona Roja Cdmx. Ciudad de M\u00e9xico, a 13 de septiembre de 2022.- El director general&hellip;<\/p>\n","protected":false},"author":2,"featured_media":45739,"comment_status":"closed","ping_status":"open","sticky":false,"template":"","format":"standard","meta":{"_lmt_disableupdate":"","_lmt_disable":"","_jetpack_memberships_contains_paid_content":false,"footnotes":""},"categories":[109,47],"tags":[3161],"class_list":["post-45738","post","type-post","status-publish","format-standard","has-post-thumbnail","hentry","category-minuto-a-minuto","category-zona-gris","tag-viruela-del-mono"],"jetpack_featured_media_url":"https:\/\/zonaroja.com.mx\/wp-content\/uploads\/2022\/09\/Covid-y-viruela-del-mono.jpeg","jetpack_sharing_enabled":true,"_links":{"self":[{"href":"https:\/\/zonaroja.com.mx\/index.php?rest_route=\/wp\/v2\/posts\/45738","targetHints":{"allow":["GET"]}}],"collection":[{"href":"https:\/\/zonaroja.com.mx\/index.php?rest_route=\/wp\/v2\/posts"}],"about":[{"href":"https:\/\/zonaroja.com.mx\/index.php?rest_route=\/wp\/v2\/types\/post"}],"author":[{"embeddable":true,"href":"https:\/\/zonaroja.com.mx\/index.php?rest_route=\/wp\/v2\/users\/2"}],"replies":[{"embeddable":true,"href":"https:\/\/zonaroja.com.mx\/index.php?rest_route=%2Fwp%2Fv2%2Fcomments&post=45738"}],"version-history":[{"count":1,"href":"https:\/\/zonaroja.com.mx\/index.php?rest_route=\/wp\/v2\/posts\/45738\/revisions"}],"predecessor-version":[{"id":45740,"href":"https:\/\/zonaroja.com.mx\/index.php?rest_route=\/wp\/v2\/posts\/45738\/revisions\/45740"}],"wp:featuredmedia":[{"embeddable":true,"href":"https:\/\/zonaroja.com.mx\/index.php?rest_route=\/wp\/v2\/media\/45739"}],"wp:attachment":[{"href":"https:\/\/zonaroja.com.mx\/index.php?rest_route=%2Fwp%2Fv2%2Fmedia&parent=45738"}],"wp:term":[{"taxonomy":"category","embeddable":true,"href":"https:\/\/zonaroja.com.mx\/index.php?rest_route=%2Fwp%2Fv2%2Fcategories&post=45738"},{"taxonomy":"post_tag","embeddable":true,"href":"https:\/\/zonaroja.com.mx\/index.php?rest_route=%2Fwp%2Fv2%2Ftags&post=45738"}],"curies":[{"name":"wp","href":"https:\/\/api.w.org\/{rel}","templated":true}]}}