{"id":45741,"date":"2022-09-13T08:27:00","date_gmt":"2022-09-13T13:27:00","guid":{"rendered":"http:\/\/www.zonaroja.com.mx\/?p=45741"},"modified":"2022-09-13T06:35:25","modified_gmt":"2022-09-13T11:35:25","slug":"integrantes-de-catem-agreden-a-inspectores-de-profepa-en-rio-atoyac","status":"publish","type":"post","link":"https:\/\/zonaroja.com.mx\/?p=45741","title":{"rendered":"Integrantes de CATEM agreden a inspectores de Profepa en r\u00edo \u201cAtoyac\u201d"},"content":{"rendered":"\n<p>Ismael Garc\u00eda M.\/Zona Roja.<\/p>\n\n\n\n<p>Oaxaca de Ju\u00e1rez, Oax., 13 de septiembre de 2022.- Un grupo de recolectores particulares de basura, afiliados al sindicato CATEM, agredi\u00f3 a inspectores de la Profepa que acudieron a verificar el tiradero clandestino en las riberas del r\u00edo \u201cAtoyac\u201d.<\/p>\n\n\n\n<p>Los hechos sucedieron ayer alrededor del mediod\u00eda, en que personal de la dependencia federal pretend\u00eda tomar evidencias de los montones de basura que desde hace m\u00e1s de un mes se encuentran por la zona sur de la Central de Abasto de la ciudad de Oaxaca.<\/p>\n\n\n\n<p>\u201cDurante dicha visita de inspecci\u00f3n, los inspectores federales fueron acorralados y amenazados, por lo que para salvaguardar su integridad y evitar una posible agresi\u00f3n, se retiraron levantando el acta circunstanciada correspondiente\u201d, detall\u00f3 la Procuradur\u00eda Federal de Protecci\u00f3n al Ambiente (Profepa).<\/p>\n\n\n\n<p>En un comunicado, detall\u00f3 que, en el \u00e1mbito de las respectivas competencias federales, estatales y municipales en materia de protecci\u00f3n al ambiente y preservaci\u00f3n y restauraci\u00f3n del equilibrio ecol\u00f3gico,&nbsp;se realiz\u00f3 una reuni\u00f3n de trabajo con la Conagua, la Semarnat, la Secretar\u00eda del Medio Ambiente, Energ\u00edas y Desarrollo Sustentable, la Procuradur\u00eda de Protecci\u00f3n al Ambiente y el ayuntamiento de la entidad con el objeto de establecer soluciones a la problem\u00e1tica.&nbsp;<\/p>\n\n\n\n<p>\u201cLa reuni\u00f3n con los tres \u00f3rdenes de gobierno acord\u00f3 la instalaci\u00f3n de una mesa t\u00e9cnica para ubicar inmediatamente un lugar que cumpla con las caracter\u00edsticas necesarias para la transferencia de los residuos ubicados actualmente en el r\u00edo\u201d, indic\u00f3.<\/p>\n\n\n\n<p>Adicionalmente, la Profepa present\u00f3 la denuncia correspondiente por posibles hechos constitutivos de delito, y coadyuvar\u00e1 con la Fiscal\u00eda General de la Rep\u00fablica dentro de la carpeta de investigaci\u00f3n que se genere.<\/p>\n\n\n\n<p>\u201cLa Profepa en la entidad continuar\u00e1 con sus actuaciones en el \u00e1mbito de su competencia hasta observar el correcto cumplimiento de las obligaciones en materia ambiental\u201d, concluy\u00f3 en su comunicado.<\/p>\n\n\n\n<p>Desde hace m\u00e1s de un mes, afiliados a la Confederaci\u00f3n Aut\u00f3noma de Trabajadores y Empleados de M\u00e9xico (CATEM) han tirado en dicho sitio los desechos que recolectan con veh\u00edculos privados, al estar impedidos de hacerlo en el tiradero ubicado en la Villa de Zaachila, donde se ha limitado el acceso a s\u00f3lo cinco municipios de la zona metropolitana de la capital de Oaxaca.   <\/p>\n\n\n\n<p>Aqu\u00ed el enlace del comunicado:&nbsp;<\/p>\n\n\n\n<figure class=\"wp-block-embed\"><div class=\"wp-block-embed__wrapper\">\nhttps:\/\/www.gob.mx\/profepa\/prensa\/la-profepa-atiende-la-denuncia-por-afectaciones-al-cauce-del-rio-atoyac-de-oaxaca-de-juarez\n<\/div><\/figure>\n","protected":false},"excerpt":{"rendered":"<p>Ismael Garc\u00eda M.\/Zona Roja. Oaxaca de Ju\u00e1rez, Oax., 13 de septiembre de 2022.- Un grupo&hellip;<\/p>\n","protected":false},"author":2,"featured_media":44771,"comment_status":"closed","ping_status":"open","sticky":false,"template":"","format":"standard","meta":{"_lmt_disableupdate":"","_lmt_disable":"","_jetpack_memberships_contains_paid_content":false,"footnotes":""},"categories":[109,47],"tags":[148],"class_list":["post-45741","post","type-post","status-publish","format-standard","has-post-thumbnail","hentry","category-minuto-a-minuto","category-zona-gris","tag-oaxaca-de-juarez"],"jetpack_featured_media_url":"https:\/\/zonaroja.com.mx\/wp-content\/uploads\/2022\/08\/Basura-ribera-Atoyac-ciudad-de-Oaxaca.jpg","jetpack_sharing_enabled":true,"_links":{"self":[{"href":"https:\/\/zonaroja.com.mx\/index.php?rest_route=\/wp\/v2\/posts\/45741","targetHints":{"allow":["GET"]}}],"collection":[{"href":"https:\/\/zonaroja.com.mx\/index.php?rest_route=\/wp\/v2\/posts"}],"about":[{"href":"https:\/\/zonaroja.com.mx\/index.php?rest_route=\/wp\/v2\/types\/post"}],"author":[{"embeddable":true,"href":"https:\/\/zonaroja.com.mx\/index.php?rest_route=\/wp\/v2\/users\/2"}],"replies":[{"embeddable":true,"href":"https:\/\/zonaroja.com.mx\/index.php?rest_route=%2Fwp%2Fv2%2Fcomments&post=45741"}],"version-history":[{"count":1,"href":"https:\/\/zonaroja.com.mx\/index.php?rest_route=\/wp\/v2\/posts\/45741\/revisions"}],"predecessor-version":[{"id":45742,"href":"https:\/\/zonaroja.com.mx\/index.php?rest_route=\/wp\/v2\/posts\/45741\/revisions\/45742"}],"wp:featuredmedia":[{"embeddable":true,"href":"https:\/\/zonaroja.com.mx\/index.php?rest_route=\/wp\/v2\/media\/44771"}],"wp:attachment":[{"href":"https:\/\/zonaroja.com.mx\/index.php?rest_route=%2Fwp%2Fv2%2Fmedia&parent=45741"}],"wp:term":[{"taxonomy":"category","embeddable":true,"href":"https:\/\/zonaroja.com.mx\/index.php?rest_route=%2Fwp%2Fv2%2Fcategories&post=45741"},{"taxonomy":"post_tag","embeddable":true,"href":"https:\/\/zonaroja.com.mx\/index.php?rest_route=%2Fwp%2Fv2%2Ftags&post=45741"}],"curies":[{"name":"wp","href":"https:\/\/api.w.org\/{rel}","templated":true}]}}