{"id":45746,"date":"2022-09-13T08:08:12","date_gmt":"2022-09-13T13:08:12","guid":{"rendered":"http:\/\/www.zonaroja.com.mx\/?p=45746"},"modified":"2022-09-13T18:11:08","modified_gmt":"2022-09-13T23:11:08","slug":"al-igual-que-amlo-y-jara-gobernador-de-oaxaca-respalda-militarizacion","status":"publish","type":"post","link":"https:\/\/zonaroja.com.mx\/?p=45746","title":{"rendered":"Al igual que AMLO y Jara, gobernador de Oaxaca respalda militarizaci\u00f3n"},"content":{"rendered":"\n<p>Redacci\u00f3n\/Zona Roja.<\/p>\n\n\n\n<p>Oaxaca de Ju\u00e1rez, Oax., a 13 de septiembre de 2022.- En apoyo al Presidente Andr\u00e9s Manuel L\u00f3pez Obrador y al igual que lo hizo el mandatario electo Salom\u00f3n Jara, el gobernador de Oaxaca, Alejandro Murat Hinojosa, respald\u00f3 la militarizaci\u00f3n del pa\u00eds.<\/p>\n\n\n\n<p>\u201cMi principal obligaci\u00f3n es ocuparme de la seguridad de las y los oaxaque\u00f1os; para ello es fundamental que la coordinaci\u00f3n de los tres \u00f3rdenes de gobierno en las tareas de seguridad, sea con un marco jur\u00eddico claro y que d\u00e9 certeza a todos los participantes\u201d, dijo.<\/p>\n\n\n\n<p>A trav\u00e9s de un video que difundi\u00f3 desde anoche, el titular del Poder Ejecutivo estatal agreg\u00f3 que durante los \u00faltimos tres sexenios la participaci\u00f3n de las Fuerzas Armadas en tareas de seguridad interna ha sido constante y permanente.<\/p>\n\n\n\n<p>\u201cReitero mi confianza en las Fuerzas Armadas, que siempre han respondido de manera incondicional, a las estrategias y pol\u00edticas de seguridad que cada gobierno en turno les ha planteado, independientemente de su filiaci\u00f3n partidista\u201d, expuso.&nbsp;<\/p>\n\n\n\n<p>\u201cPor eso en el corto plazo y mientras no exista otra estrategia que le pueda brindar al pueblo de M\u00e9xico la seguridad que exige y merece, es irresponsable retirar de las calles a las Fuerzas Armadas y cambiar el marco jur\u00eddico que le da certeza a la Guardia Nacional.<\/p>\n\n\n\n<p>\u201cPor lo que como gobernador de Oaxaca, es mi obligaci\u00f3n informar a la opini\u00f3n p\u00fablica que en estos momentos no existe no se ha presentado otro modelo que permita contrastar y demostrar que se puede tener una mejor alternativa a la actual, en el corto plazo.<\/p>\n\n\n\n<p>\u201cCabe destacar que el PRI &nbsp;a trav\u00e9s de su historia, ha sido un partido capaz de tomar decisiones con criterio propio que respondan a las necesidades tuyas, de la gente.<\/p>\n\n\n\n<p>\u201cHoy, una de las demandas mas importantes tiene que ver con la necesidad de tener un M\u00e9xico Seguro.&nbsp;<\/p>\n\n\n\n<p>\u00abPor ello, me pronuncio en favor de que exista un marco jur\u00eddico que le d\u00e9 certeza a las Fuerzas Armadas y a la Guardia Nacional, as\u00ed como a sus familias y que sea en el 2024 cuando se defina y se discuta si se mantiene el actual modelo o se incorpora uno nuevo\u201d, manifest\u00f3.<\/p>\n\n\n\n<p>Esta semana la C\u00e1mara de Diputados discute y se prev\u00e9 apruebe una reforma, que promueve y respalda el PRI, para que el Ej\u00e9rcito Mexicano permanezca en las calles hasta el a\u00f1o 2028, supuestamente para apoyar tareas de seguridad.<\/p>\n\n\n\n<p>Mientras que la semana pasada el Congreso de la Uni\u00f3n aprob\u00f3, a propuesta del Presidente L\u00f3pez Obrador, pasar el mando de la Guardia Nacional a la Secretar\u00eda de la Defensa Nacional. <\/p>\n\n\n\n<figure class=\"wp-block-embed is-type-rich is-provider-twitter wp-block-embed-twitter\"><div class=\"wp-block-embed__wrapper\">\n<div class=\"twitter-tweet\"><blockquote class=\"twitter-tweet\" data-lang=\"es\"><p lang=\"es\" dir=\"ltr\">Como Gobernador del Estado de Oaxaca, mi prioridad es garantizar la seguridad de todas y todos. Comparto mi postura sobre el debate respecto al marco jur\u00eddico que da certeza a las acciones de las Fuerzas Armadas y la Guardia Nacional. <a href=\"https:\/\/twitter.com\/hashtag\/Oaxaca?src=hash&amp;ref_src=twsrc%5Etfw\">#Oaxaca<\/a> <a href=\"https:\/\/twitter.com\/hashtag\/Seguridad?src=hash&amp;ref_src=twsrc%5Etfw\">#Seguridad<\/a> <a href=\"https:\/\/t.co\/FPVTVXkX0l\">pic.twitter.com\/FPVTVXkX0l<\/a><\/p>&mdash; Alejandro Murat (@alejandromurat) <a href=\"https:\/\/twitter.com\/alejandromurat\/status\/1569540951499997185?ref_src=twsrc%5Etfw\">13 de septiembre de 2022<\/a><\/blockquote><\/div>\n<\/div><\/figure>\n","protected":false},"excerpt":{"rendered":"<p>Redacci\u00f3n\/Zona Roja. Oaxaca de Ju\u00e1rez, Oax., a 13 de septiembre de 2022.- En apoyo al&hellip;<\/p>\n","protected":false},"author":2,"featured_media":45747,"comment_status":"closed","ping_status":"open","sticky":false,"template":"","format":"standard","meta":{"_lmt_disableupdate":"","_lmt_disable":"","_jetpack_memberships_contains_paid_content":false,"footnotes":""},"categories":[109,46],"tags":[173],"class_list":["post-45746","post","type-post","status-publish","format-standard","has-post-thumbnail","hentry","category-minuto-a-minuto","category-zona-blanca","tag-alejandro-murat-hinojosa"],"jetpack_featured_media_url":"https:\/\/zonaroja.com.mx\/wp-content\/uploads\/2022\/09\/Alejandro-Murat-vivdeo-militarizacion.jpg","jetpack_sharing_enabled":true,"_links":{"self":[{"href":"https:\/\/zonaroja.com.mx\/index.php?rest_route=\/wp\/v2\/posts\/45746","targetHints":{"allow":["GET"]}}],"collection":[{"href":"https:\/\/zonaroja.com.mx\/index.php?rest_route=\/wp\/v2\/posts"}],"about":[{"href":"https:\/\/zonaroja.com.mx\/index.php?rest_route=\/wp\/v2\/types\/post"}],"author":[{"embeddable":true,"href":"https:\/\/zonaroja.com.mx\/index.php?rest_route=\/wp\/v2\/users\/2"}],"replies":[{"embeddable":true,"href":"https:\/\/zonaroja.com.mx\/index.php?rest_route=%2Fwp%2Fv2%2Fcomments&post=45746"}],"version-history":[{"count":2,"href":"https:\/\/zonaroja.com.mx\/index.php?rest_route=\/wp\/v2\/posts\/45746\/revisions"}],"predecessor-version":[{"id":45760,"href":"https:\/\/zonaroja.com.mx\/index.php?rest_route=\/wp\/v2\/posts\/45746\/revisions\/45760"}],"wp:featuredmedia":[{"embeddable":true,"href":"https:\/\/zonaroja.com.mx\/index.php?rest_route=\/wp\/v2\/media\/45747"}],"wp:attachment":[{"href":"https:\/\/zonaroja.com.mx\/index.php?rest_route=%2Fwp%2Fv2%2Fmedia&parent=45746"}],"wp:term":[{"taxonomy":"category","embeddable":true,"href":"https:\/\/zonaroja.com.mx\/index.php?rest_route=%2Fwp%2Fv2%2Fcategories&post=45746"},{"taxonomy":"post_tag","embeddable":true,"href":"https:\/\/zonaroja.com.mx\/index.php?rest_route=%2Fwp%2Fv2%2Ftags&post=45746"}],"curies":[{"name":"wp","href":"https:\/\/api.w.org\/{rel}","templated":true}]}}