{"id":45751,"date":"2022-09-13T08:28:50","date_gmt":"2022-09-13T13:28:50","guid":{"rendered":"http:\/\/www.zonaroja.com.mx\/?p=45751"},"modified":"2022-09-13T08:28:51","modified_gmt":"2022-09-13T13:28:51","slug":"matan-a-balazos-y-a-golpes-a-otra-mujer-en-oaxaca-detienen-a-su-pareja","status":"publish","type":"post","link":"https:\/\/zonaroja.com.mx\/?p=45751","title":{"rendered":"Matan a balazos y a golpes a otra mujer en Oaxaca; detienen a su pareja"},"content":{"rendered":"\n<p>Redacci\u00f3n\/Zona Roja. Foto: Ilustraci\u00f3n<\/p>\n\n\n\n<p>Oaxaca de Ju\u00e1rez, Oax., a 13 de septiembre de 2022.- Otra mujer fue asesinada a balazos, y tambi\u00e9n a golpes, en Oaxaca.<\/p>\n\n\n\n<p>El pasado 8 de septiembre, un individuo agredi\u00f3 y dispar\u00f3 en contra de su pareja, en un domicilio ubicado en Santa Mar\u00eda Yaveo, del municipio de Santiago Yaveo, en la regi\u00f3n de la Cuenca.<\/p>\n\n\n\n<p>La v\u00edctima, de identidad reservada, fue trasladada a un hospital de San Juan Bautista Tuxtepec, donde ayer perdi\u00f3 la vida debido a la gravedad de las lesiones.<\/p>\n\n\n\n<p>En tanto, la Fiscal\u00eda General del Estado de Oaxaca actu\u00f3 de inmediato e inform\u00f3 de la detenci\u00f3n del probable agresor, identificado con las iniciales J. S. D.<\/p>\n\n\n\n<p>En un comunicado, la instituci\u00f3n que encabeza Arturo Peimbert Calvo, detall\u00f3 que dio inicio a la Carpeta de Investigaci\u00f3n 31423\/FCUE\/Tuxtepec\/2022.<\/p>\n\n\n\n<p>Indic\u00f3 que el imputado ser\u00e1 presentado ante la autoridad judicial que lo requiri\u00f3 para que se defina su situaci\u00f3n en las pr\u00f3ximas horas.<\/p>\n","protected":false},"excerpt":{"rendered":"<p>Redacci\u00f3n\/Zona Roja. Foto: Ilustraci\u00f3n Oaxaca de Ju\u00e1rez, Oax., a 13 de septiembre de 2022.- Otra&hellip;<\/p>\n","protected":false},"author":2,"featured_media":1699,"comment_status":"closed","ping_status":"open","sticky":false,"template":"","format":"standard","meta":{"_lmt_disableupdate":"","_lmt_disable":"","_jetpack_memberships_contains_paid_content":false,"footnotes":""},"categories":[109,51],"tags":[3259],"class_list":["post-45751","post","type-post","status-publish","format-standard","has-post-thumbnail","hentry","category-minuto-a-minuto","category-zona-roja","tag-santiago-yaveo"],"jetpack_featured_media_url":"https:\/\/zonaroja.com.mx\/wp-content\/uploads\/2019\/06\/MUJERES-600x390.jpg","jetpack_sharing_enabled":true,"_links":{"self":[{"href":"https:\/\/zonaroja.com.mx\/index.php?rest_route=\/wp\/v2\/posts\/45751","targetHints":{"allow":["GET"]}}],"collection":[{"href":"https:\/\/zonaroja.com.mx\/index.php?rest_route=\/wp\/v2\/posts"}],"about":[{"href":"https:\/\/zonaroja.com.mx\/index.php?rest_route=\/wp\/v2\/types\/post"}],"author":[{"embeddable":true,"href":"https:\/\/zonaroja.com.mx\/index.php?rest_route=\/wp\/v2\/users\/2"}],"replies":[{"embeddable":true,"href":"https:\/\/zonaroja.com.mx\/index.php?rest_route=%2Fwp%2Fv2%2Fcomments&post=45751"}],"version-history":[{"count":1,"href":"https:\/\/zonaroja.com.mx\/index.php?rest_route=\/wp\/v2\/posts\/45751\/revisions"}],"predecessor-version":[{"id":45752,"href":"https:\/\/zonaroja.com.mx\/index.php?rest_route=\/wp\/v2\/posts\/45751\/revisions\/45752"}],"wp:featuredmedia":[{"embeddable":true,"href":"https:\/\/zonaroja.com.mx\/index.php?rest_route=\/wp\/v2\/media\/1699"}],"wp:attachment":[{"href":"https:\/\/zonaroja.com.mx\/index.php?rest_route=%2Fwp%2Fv2%2Fmedia&parent=45751"}],"wp:term":[{"taxonomy":"category","embeddable":true,"href":"https:\/\/zonaroja.com.mx\/index.php?rest_route=%2Fwp%2Fv2%2Fcategories&post=45751"},{"taxonomy":"post_tag","embeddable":true,"href":"https:\/\/zonaroja.com.mx\/index.php?rest_route=%2Fwp%2Fv2%2Ftags&post=45751"}],"curies":[{"name":"wp","href":"https:\/\/api.w.org\/{rel}","templated":true}]}}