{"id":45754,"date":"2022-09-13T13:24:59","date_gmt":"2022-09-13T18:24:59","guid":{"rendered":"https:\/\/www.zonaroja.com.mx\/?p=45754"},"modified":"2022-09-13T18:14:13","modified_gmt":"2022-09-13T23:14:13","slug":"investiga-la-fiscalia-la-muerte-de-una-persona-en-celda-del-municipio-de-juquila","status":"publish","type":"post","link":"https:\/\/zonaroja.com.mx\/?p=45754","title":{"rendered":"Investiga la Fiscal\u00eda la muerte de una persona en celda del municipio de Juquila"},"content":{"rendered":"\n<p>Redacci\u00f3n\/Zona Roja.&nbsp;<\/p>\n\n\n\n<p>Oaxaca de Ju\u00e1rez, Oax., 13 de septiembre de 2022.-&nbsp;La Fiscal\u00eda General del Estado de Oaxaca (FGEO) realiz\u00f3 las diligencias periciales -en diferentes especialidades- en el lugar de intervenci\u00f3n, luego del fallecimiento de una persona del sexo masculino que, aparentemente sucedi\u00f3 dentro de los separos de la polic\u00eda municipal de Santa Catarina Juquila.<\/p>\n\n\n\n<p>A trav\u00e9s de la Vicefiscal\u00eda Regional de la Costa y en coordinaci\u00f3n con el Instituto de Servicios Periciales, este lunes 12 de septiembre, peritos en diferentes materias acudieron al sitio donde realizaron los estudios t\u00e9cnico-cient\u00edficos correspondientes que coadyuven a conocer la verdad de los hechos.<\/p>\n\n\n\n<p>Adem\u00e1s, que se obtuvo el resultado de la autopsia realizada al cuerpo de la v\u00edctima identificada por las iniciales I. C. C., el cual es reservado por ley pero que fue comunicado puntualmente a los familiares.<\/p>\n\n\n\n<p>Con la realizaci\u00f3n de todas las diligencias periciales, la Fiscal\u00eda de Oaxaca robustece las investigaciones que buscan saber si existe alg\u00fan tipo o grado de responsabilidad por parte de las personas que estar\u00edan involucradas en el fallecimiento de I. C. C., por lo que quedan abiertas las l\u00edneas de investigaci\u00f3n.<\/p>\n\n\n\n<p>Los hechos ocurrieron el 10 de septiembre de 2022, en los separos municipales de Santa Catarina Juquila, donde las autoridades locales encontraron el cuerpo sin vida de una persona del sexo masculino identificada por las iniciales I. C. C., quien hab\u00eda sido detenida horas antes y estaba bajo custodia policial.<\/p>\n\n\n\n<p>La Fiscal\u00eda de Oaxaca tiene el compromiso irrestricto de investigar cualquier delito para conocer la verdad de los hechos, haciendo uso de los recursos jur\u00eddicos y T\u00e9cnico-Cient\u00edficos con los que cuenta la Instituci\u00f3n de Procuraci\u00f3n de Justicia.<\/p>\n\n\n\n<p>(Comunicado)<\/p>\n","protected":false},"excerpt":{"rendered":"<p>Redacci\u00f3n\/Zona Roja.&nbsp; Oaxaca de Ju\u00e1rez, Oax., 13 de septiembre de 2022.-&nbsp;La Fiscal\u00eda General del Estado&hellip;<\/p>\n","protected":false},"author":2,"featured_media":45753,"comment_status":"closed","ping_status":"open","sticky":false,"template":"","format":"standard","meta":{"_lmt_disableupdate":"","_lmt_disable":"","_jetpack_memberships_contains_paid_content":false,"footnotes":""},"categories":[109,46],"tags":[545],"class_list":["post-45754","post","type-post","status-publish","format-standard","has-post-thumbnail","hentry","category-minuto-a-minuto","category-zona-blanca","tag-santa-catarina-juquila"],"jetpack_featured_media_url":"https:\/\/zonaroja.com.mx\/wp-content\/uploads\/2022\/09\/e4feaa68-3c5c-4d6d-a01e-afd771aee2bf.jpg","jetpack_sharing_enabled":true,"_links":{"self":[{"href":"https:\/\/zonaroja.com.mx\/index.php?rest_route=\/wp\/v2\/posts\/45754","targetHints":{"allow":["GET"]}}],"collection":[{"href":"https:\/\/zonaroja.com.mx\/index.php?rest_route=\/wp\/v2\/posts"}],"about":[{"href":"https:\/\/zonaroja.com.mx\/index.php?rest_route=\/wp\/v2\/types\/post"}],"author":[{"embeddable":true,"href":"https:\/\/zonaroja.com.mx\/index.php?rest_route=\/wp\/v2\/users\/2"}],"replies":[{"embeddable":true,"href":"https:\/\/zonaroja.com.mx\/index.php?rest_route=%2Fwp%2Fv2%2Fcomments&post=45754"}],"version-history":[{"count":1,"href":"https:\/\/zonaroja.com.mx\/index.php?rest_route=\/wp\/v2\/posts\/45754\/revisions"}],"predecessor-version":[{"id":45755,"href":"https:\/\/zonaroja.com.mx\/index.php?rest_route=\/wp\/v2\/posts\/45754\/revisions\/45755"}],"wp:featuredmedia":[{"embeddable":true,"href":"https:\/\/zonaroja.com.mx\/index.php?rest_route=\/wp\/v2\/media\/45753"}],"wp:attachment":[{"href":"https:\/\/zonaroja.com.mx\/index.php?rest_route=%2Fwp%2Fv2%2Fmedia&parent=45754"}],"wp:term":[{"taxonomy":"category","embeddable":true,"href":"https:\/\/zonaroja.com.mx\/index.php?rest_route=%2Fwp%2Fv2%2Fcategories&post=45754"},{"taxonomy":"post_tag","embeddable":true,"href":"https:\/\/zonaroja.com.mx\/index.php?rest_route=%2Fwp%2Fv2%2Ftags&post=45754"}],"curies":[{"name":"wp","href":"https:\/\/api.w.org\/{rel}","templated":true}]}}