{"id":45757,"date":"2022-09-13T17:17:12","date_gmt":"2022-09-13T22:17:12","guid":{"rendered":"https:\/\/www.zonaroja.com.mx\/?p=45757"},"modified":"2022-09-13T18:11:58","modified_gmt":"2022-09-13T23:11:58","slug":"los-ninos-preguntan-por-sus-padres-esposas-de-10-retenidos-por-11-dias-en-ayotzintepec","status":"publish","type":"post","link":"https:\/\/zonaroja.com.mx\/?p=45757","title":{"rendered":"\u201cLos ni\u00f1os preguntan por sus padres\u201d; esposas de 10 retenidos por 11 d\u00edas en Ayotzintepec"},"content":{"rendered":"\n<p>Yuridiana Sosa\/Zona Roja.<\/p>\n\n\n\n<p>Oaxaca de Ju\u00e1rez, Oax., 13 de septiembre de 2022.- La zozobra sobre la salud de 10 campesinos retenidos de Santiago Progreso, Valle Nacional, se ha internado en sus hogares; sus hijos preguntan por ellos sin que las madres, esposas, sepan qu\u00e9 responder.&nbsp;<\/p>\n\n\n\n<p>Desde hace 11 d\u00edas, Francisco Javier junto a nueve ciudadanos m\u00e1s fueron retenidos, sin raz\u00f3n, por pobladores de San Pedro Ozumac\u00edn del municipio de Ayotzintepec, con quien comparten \u00e1rea ejidal. Sus familias nos los han vuelto a ver, ni saber su estado de salud, f\u00edsico o mental.&nbsp;<\/p>\n\n\n\n<p>Bloqueos, manifestaciones, y por la v\u00eda del di\u00e1logo, sus esposas, familiares y vecinos han buscado su liberaci\u00f3n, sin tener atenci\u00f3n de la Secretar\u00eda General de Gobierno.<\/p>\n\n\n\n<p>A casi dos semanas de los hechos, Juliana &#8211; esposa de Francisco- &nbsp;junto con otras madres y esposas claman por la libertad de los encarcelados.<\/p>\n\n\n\n<p>Sus hijos e hijas son las otras v\u00edctimas de este delito. Desde hace 11 d\u00edas preguntan cu\u00e1ndo volver\u00e1n por sus padres, mientras la incertidumbre sobre su condici\u00f3n crece.&nbsp;<\/p>\n\n\n\n<p>\u201cLos ni\u00f1os preguntan por sus padres. No sabemos d\u00f3nde est\u00e1n, c\u00f3mo est\u00e1n. Que tengan un poco de conciencia, porque nosotras ni los ni\u00f1os tienen la culpa\u201d, expres\u00f3 entre l\u00e1grimas Juliana, durante conferencia de prensa, a puerta del Palacio de Gobierno en la capital.&nbsp;<\/p>\n\n\n\n<p>La desatenci\u00f3n gubernamental, desde lo municipal a lo estatal los llev\u00f3 hasta la capital, por segunda ocasi\u00f3n, para exigir la liberaci\u00f3n.<\/p>\n\n\n\n<p>Las esposas no los han visto, no cuentan con seguridad ni garant\u00edas para poder ver a los padres de sus hijos; llevarles alimento y ropa. Tienen miedo a ser retenidas y que sus hijos queden en el desamparo.&nbsp;<\/p>\n\n\n\n<p>Es el trabajo diario de cada campesino el sustento de las familias, pero desde hace 11 d\u00edas las condiciones han cambiado; tambi\u00e9n carecen de un sustento. <\/p>\n\n\n\n<figure class=\"wp-block-embed is-type-rich is-provider-twitter wp-block-embed-twitter\"><div class=\"wp-block-embed__wrapper\">\n<div class=\"twitter-tweet\"><blockquote class=\"twitter-tweet\" data-lang=\"es\"><p lang=\"es\" dir=\"ltr\"><a href=\"https:\/\/twitter.com\/hashtag\/ENVIVO?src=hash&amp;ref_src=twsrc%5Etfw\">#ENVIVO<\/a> <br>Oaxaca de Ju\u00e1rez, Oax., a 13 de septiembre de 2022.- Conferencia de prensa de habitantes de Santiago Progreso, por la retenci\u00f3n de 10 personas desde hace 11 d\u00edas.<br><br>Transmisi\u00f3n \ud83d\udc47<a href=\"https:\/\/t.co\/rtFwGu97C7\">https:\/\/t.co\/rtFwGu97C7<\/a> <a href=\"https:\/\/t.co\/JYiH3SJMdk\">pic.twitter.com\/JYiH3SJMdk<\/a><\/p>&mdash; Zona Roja Oaxaca (@ZonaRoja_Oaxaca) <a href=\"https:\/\/twitter.com\/ZonaRoja_Oaxaca\/status\/1569718562729631745?ref_src=twsrc%5Etfw\">13 de septiembre de 2022<\/a><\/blockquote><\/div>\n<\/div><\/figure>\n\n\n\n<p>\u201cS cometieron un delito, que sea con la justicia \u2013autoridades- donde paguen, no con ellos\u201d, dicen desesperadas las mujeres.&nbsp;<\/p>\n\n\n\n<p>Las autoridades locales y agrarias de Ozumac\u00edn tampoco se han comunicado con las familias de los retenidos.&nbsp;<\/p>\n\n\n\n<p>COMPLICIDAD<\/p>\n\n\n\n<p>La falta de respuestas los obliga a concluir en que existe complicidad de la Segego y de la Defensor\u00eda de los Derechos Humanos del Pueblo de Oaxaca.<\/p>\n\n\n\n<p>La sentencia del Juez Quinto de Distrito ordena la liberaci\u00f3n, lo cual ha sido desatendido por segunda vez por el agente municipal de Ozumac\u00edn, Anselmo P\u00e9rez; el comisariado ejidal, Maurino Luna y de Comit\u00e9 de Vigilancia, Sergio M\u00e9ndez.<\/p>\n\n\n\n<p>Ninguna autoridad interviene para que se cumpla la orden, y al contrario, respaldan la propuesta de Ozumac\u00edn para que las negociaciones sean en su comunidad, pues se han resistido a participar en mesas de di\u00e1logo en oficinas de gobierno. <\/p>\n","protected":false},"excerpt":{"rendered":"<p>Yuridiana Sosa\/Zona Roja. Oaxaca de Ju\u00e1rez, Oax., 13 de septiembre de 2022.- La zozobra sobre&hellip;<\/p>\n","protected":false},"author":2,"featured_media":45756,"comment_status":"closed","ping_status":"open","sticky":false,"template":"","format":"standard","meta":{"_lmt_disableupdate":"","_lmt_disable":"","_jetpack_memberships_contains_paid_content":false,"footnotes":""},"categories":[109,47],"tags":[3260],"class_list":["post-45757","post","type-post","status-publish","format-standard","has-post-thumbnail","hentry","category-minuto-a-minuto","category-zona-gris","tag-santiago-progreso"],"jetpack_featured_media_url":"https:\/\/zonaroja.com.mx\/wp-content\/uploads\/2022\/09\/fa5ada4a-0102-4ba0-ab95-6de535d4ddb4.jpg","jetpack_sharing_enabled":true,"_links":{"self":[{"href":"https:\/\/zonaroja.com.mx\/index.php?rest_route=\/wp\/v2\/posts\/45757","targetHints":{"allow":["GET"]}}],"collection":[{"href":"https:\/\/zonaroja.com.mx\/index.php?rest_route=\/wp\/v2\/posts"}],"about":[{"href":"https:\/\/zonaroja.com.mx\/index.php?rest_route=\/wp\/v2\/types\/post"}],"author":[{"embeddable":true,"href":"https:\/\/zonaroja.com.mx\/index.php?rest_route=\/wp\/v2\/users\/2"}],"replies":[{"embeddable":true,"href":"https:\/\/zonaroja.com.mx\/index.php?rest_route=%2Fwp%2Fv2%2Fcomments&post=45757"}],"version-history":[{"count":2,"href":"https:\/\/zonaroja.com.mx\/index.php?rest_route=\/wp\/v2\/posts\/45757\/revisions"}],"predecessor-version":[{"id":45761,"href":"https:\/\/zonaroja.com.mx\/index.php?rest_route=\/wp\/v2\/posts\/45757\/revisions\/45761"}],"wp:featuredmedia":[{"embeddable":true,"href":"https:\/\/zonaroja.com.mx\/index.php?rest_route=\/wp\/v2\/media\/45756"}],"wp:attachment":[{"href":"https:\/\/zonaroja.com.mx\/index.php?rest_route=%2Fwp%2Fv2%2Fmedia&parent=45757"}],"wp:term":[{"taxonomy":"category","embeddable":true,"href":"https:\/\/zonaroja.com.mx\/index.php?rest_route=%2Fwp%2Fv2%2Fcategories&post=45757"},{"taxonomy":"post_tag","embeddable":true,"href":"https:\/\/zonaroja.com.mx\/index.php?rest_route=%2Fwp%2Fv2%2Ftags&post=45757"}],"curies":[{"name":"wp","href":"https:\/\/api.w.org\/{rel}","templated":true}]}}