{"id":45762,"date":"2022-09-13T18:42:51","date_gmt":"2022-09-13T23:42:51","guid":{"rendered":"http:\/\/www.zonaroja.com.mx\/?p=45762"},"modified":"2022-09-13T18:42:53","modified_gmt":"2022-09-13T23:42:53","slug":"adios-a-la-supercarretera-a-la-costa-coatlan-suspende-obras","status":"publish","type":"post","link":"https:\/\/zonaroja.com.mx\/?p=45762","title":{"rendered":"Adi\u00f3s a la supercarretera a la Costa: Coatl\u00e1n suspende obras"},"content":{"rendered":"\n<p>Yuridiana Sosa\/ Zona Roja<\/p>\n\n\n\n<p>Oaxaca de Ju\u00e1rez, Oax., 13 de septiembre de 2022.- Autoridades comunales, municipales y poblaci\u00f3n de San Vicente Coatl\u00e1n decidi\u00f3 la suspensi\u00f3n de la obra de la supercarretera Oaxaca-Puerto Escondido, ante la falta de acuerdos y voluntad de la autoridad estatal para solucionar el conflicto agrario con Villa Sola de Vega.&nbsp;<\/p>\n\n\n\n<p>La comunidad consider\u00f3 que el gobierno estatal de Oaxaca est\u00e1 m\u00e1s ocupado en la transici\u00f3n del poder que en atender la demanda social, por lo que exigi\u00f3 al presidente Andr\u00e9s Manuel L\u00f3pez Obrador designar al titular de la Secretar\u00eda de Gobernaci\u00f3n para dar fin al conflicto.<\/p>\n\n\n\n<p>Apenas este domingo, a trav\u00e9s de un video, el Gobernador del Estado, Alejandro Murat, y funcionarios de la SCT y de la Secretar\u00eda General, se\u00f1alaron que habr\u00eda las condiciones para inaugurar la obra en noviembre.<\/p>\n\n\n\n<p>Sin embargo, en un comunicado dirigido al mandatario nacional, integrantes del Comisariado de Bienes Comunales, Consejo de Vigilancia, autoridades del ayuntamiento e integrantes de la Comisi\u00f3n Auxiliar para la soluci\u00f3n del conflicto agrario de San Vicente Coatl\u00e1n, informaron que acordaron \u201csuspender todos los trabajos de la supercarretera Oaxaca Puerto Escondido en el tramo que corresponde al territorio\u201d de dicho municipio.<\/p>\n\n\n\n<p>Lo anterior hasta que haya una soluci\u00f3n real al conflicto agrario-social y de violencia que existe en la zona por el conflicto de las tierras que, apuntan, les fueron despojadas por su comunidad vecina, quien adem\u00e1s, no ha asistido a las mesas de trabajo.<\/p>\n\n\n\n<p>Dese el pasado mes de junio de 2021, cuando se realiz\u00f3 un compromiso de la comunidad para abrir di\u00e1logo y solucionar el problema, han existido una serie de complicaciones desde lo legal ante autoridades agrias como de inter\u00e9s por el<\/p>\n\n\n\n<p>Gobierno de Oaxaca.<\/p>\n\n\n\n<p>Por lo que, una vez m\u00e1s, solicitaron la intervenci\u00f3n del Gobierno de M\u00e9xico para que designe de manera definitiva al secretario de Gobernaci\u00f3n para retomar todas las mesas de di\u00e1logo y con ello construir el acuerdo de paz y soluci\u00f3n al conflicto y continuar con los trabajos de la carretera.&nbsp;<\/p>\n\n\n\n<p>De acuerdo con la comunidad de San Vicente Coatl\u00e1n, este l\u00edo de m\u00e1s de 47 a\u00f1os ha dejado en los \u00faltimos 17 a\u00f1os el saldo de 28 muertos y 24 lesionados de su poblaci\u00f3n.<\/p>\n\n\n\n<p>Ante ello, la supercarretera Oaxaca-Costa no ser\u00eda concluido este a\u00f1o y su inauguraci\u00f3n se pospondr\u00eda para el pr\u00f3ximo a\u00f1o.<\/p>\n\n\n\n<figure class=\"wp-block-image size-large\"><a href=\"http:\/\/www.zonaroja.com.mx\/wp-content\/uploads\/2022\/09\/Obras-supercarretera-la-Costa.jpg\" data-rel=\"penci-gallery-image-content\" ><img decoding=\"async\" width=\"1024\" height=\"512\" src=\"http:\/\/www.zonaroja.com.mx\/wp-content\/uploads\/2022\/09\/Obras-supercarretera-la-Costa-1024x512.jpg\" alt=\"\" class=\"wp-image-45764\" srcset=\"https:\/\/zonaroja.com.mx\/wp-content\/uploads\/2022\/09\/Obras-supercarretera-la-Costa-1024x512.jpg 1024w, https:\/\/zonaroja.com.mx\/wp-content\/uploads\/2022\/09\/Obras-supercarretera-la-Costa-300x150.jpg 300w, https:\/\/zonaroja.com.mx\/wp-content\/uploads\/2022\/09\/Obras-supercarretera-la-Costa-768x384.jpg 768w, https:\/\/zonaroja.com.mx\/wp-content\/uploads\/2022\/09\/Obras-supercarretera-la-Costa-1170x585.jpg 1170w, https:\/\/zonaroja.com.mx\/wp-content\/uploads\/2022\/09\/Obras-supercarretera-la-Costa-585x293.jpg 585w, https:\/\/zonaroja.com.mx\/wp-content\/uploads\/2022\/09\/Obras-supercarretera-la-Costa.jpg 1280w\" sizes=\"(max-width: 1024px) 100vw, 1024px\" \/><\/a><\/figure>\n","protected":false},"excerpt":{"rendered":"<p>Yuridiana Sosa\/ Zona Roja Oaxaca de Ju\u00e1rez, Oax., 13 de septiembre de 2022.- Autoridades comunales,&hellip;<\/p>\n","protected":false},"author":2,"featured_media":45763,"comment_status":"closed","ping_status":"open","sticky":false,"template":"","format":"standard","meta":{"_lmt_disableupdate":"","_lmt_disable":"","_jetpack_memberships_contains_paid_content":false,"footnotes":""},"categories":[109,47],"tags":[979,1442],"class_list":["post-45762","post","type-post","status-publish","format-standard","has-post-thumbnail","hentry","category-minuto-a-minuto","category-zona-gris","tag-san-vicente-coatlan","tag-supercarretera-oaxaca-costa-coatlan"],"jetpack_featured_media_url":"https:\/\/zonaroja.com.mx\/wp-content\/uploads\/2022\/09\/Pronunciamiento-Coatlan-supercarretera-Costa.jpg","jetpack_sharing_enabled":true,"_links":{"self":[{"href":"https:\/\/zonaroja.com.mx\/index.php?rest_route=\/wp\/v2\/posts\/45762","targetHints":{"allow":["GET"]}}],"collection":[{"href":"https:\/\/zonaroja.com.mx\/index.php?rest_route=\/wp\/v2\/posts"}],"about":[{"href":"https:\/\/zonaroja.com.mx\/index.php?rest_route=\/wp\/v2\/types\/post"}],"author":[{"embeddable":true,"href":"https:\/\/zonaroja.com.mx\/index.php?rest_route=\/wp\/v2\/users\/2"}],"replies":[{"embeddable":true,"href":"https:\/\/zonaroja.com.mx\/index.php?rest_route=%2Fwp%2Fv2%2Fcomments&post=45762"}],"version-history":[{"count":1,"href":"https:\/\/zonaroja.com.mx\/index.php?rest_route=\/wp\/v2\/posts\/45762\/revisions"}],"predecessor-version":[{"id":45765,"href":"https:\/\/zonaroja.com.mx\/index.php?rest_route=\/wp\/v2\/posts\/45762\/revisions\/45765"}],"wp:featuredmedia":[{"embeddable":true,"href":"https:\/\/zonaroja.com.mx\/index.php?rest_route=\/wp\/v2\/media\/45763"}],"wp:attachment":[{"href":"https:\/\/zonaroja.com.mx\/index.php?rest_route=%2Fwp%2Fv2%2Fmedia&parent=45762"}],"wp:term":[{"taxonomy":"category","embeddable":true,"href":"https:\/\/zonaroja.com.mx\/index.php?rest_route=%2Fwp%2Fv2%2Fcategories&post=45762"},{"taxonomy":"post_tag","embeddable":true,"href":"https:\/\/zonaroja.com.mx\/index.php?rest_route=%2Fwp%2Fv2%2Ftags&post=45762"}],"curies":[{"name":"wp","href":"https:\/\/api.w.org\/{rel}","templated":true}]}}