{"id":45771,"date":"2022-09-13T21:58:46","date_gmt":"2022-09-14T02:58:46","guid":{"rendered":"http:\/\/www.zonaroja.com.mx\/?p=45771"},"modified":"2022-09-13T21:58:47","modified_gmt":"2022-09-14T02:58:47","slug":"normalistas-de-ayotzinaba-estrellan-camion-contra-cuartel-militar","status":"publish","type":"post","link":"https:\/\/zonaroja.com.mx\/?p=45771","title":{"rendered":"Normalistas de Ayotzinaba estrellan cami\u00f3n contra cuartel militar"},"content":{"rendered":"\n<p>Redacci\u00f3n\/Zona Roja Cdmx.<\/p>\n\n\n\n<p>Ciudad de M\u00e9xico, a 13 de septiembre de 2022.- Estudiantes normalistas de Ayotzinapa irrumpieron en la 35 Zona Militar de Chilpancingo, Guerrero, con un cami\u00f3n robado, como parte de las acciones por los ocho a\u00f1os de la desaparici\u00f3n de los 43 estudiantes.<\/p>\n\n\n\n<p>Asimismo, los alumnos de la Escuela Normal Rural \u201cIsidro Burgos\u201d y familiares de los desaparecidos realizaron pintas y arrojaron piedras y petardos en la regi\u00f3n militar.<\/p>\n\n\n\n<p>Tambi\u00e9n robaron un cami\u00f3n de una compa\u00f1\u00eda refresquera y lo estrellaron de reversa contra el port\u00f3n de la Zona Militar hasta romper la puerta.<\/p>\n\n\n\n<p>Tras la irrupci\u00f3n, ning\u00fan elemento del Ej\u00e9rcito respondi\u00f3 las agresiones.<\/p>\n\n\n\n<p>Los padres de los normalistas exigen reabrir el caso y castigar a los culpables, como el ex gobernador \u00c1ngel Aguirre Rivero, seg\u00fan acusan.<\/p>\n\n\n\n<p>Se quejan de no tener avances&nbsp;en la&nbsp;investigaci\u00f3n de la desaparici\u00f3n de los estudiantes normalistas a pesar de ser uno de los compromisos del actual Gobierno Federal.<\/p>\n\n\n\n<p>Reprochan tambi\u00e9n que a pesar de que el Presidente Andr\u00e9s Manuel L\u00f3pez Obrador&nbsp;se pone a sus \u00f3rdenes en las reuniones, cuando se dan la vuelta les da la espalda y los ignora.<\/p>\n\n\n\n<p>(Con informaci\u00f3n de L\u00f3pez-D\u00f3riga Digital)<\/p>\n","protected":false},"excerpt":{"rendered":"<p>Redacci\u00f3n\/Zona Roja Cdmx. Ciudad de M\u00e9xico, a 13 de septiembre de 2022.- Estudiantes normalistas de&hellip;<\/p>\n","protected":false},"author":2,"featured_media":45772,"comment_status":"closed","ping_status":"open","sticky":false,"template":"","format":"standard","meta":{"_lmt_disableupdate":"","_lmt_disable":"","_jetpack_memberships_contains_paid_content":false,"footnotes":""},"categories":[109,47],"tags":[715],"class_list":["post-45771","post","type-post","status-publish","format-standard","has-post-thumbnail","hentry","category-minuto-a-minuto","category-zona-gris","tag-normalistas-ayotzinapa"],"jetpack_featured_media_url":"https:\/\/zonaroja.com.mx\/wp-content\/uploads\/2022\/09\/Normalistas-Ayotzinapa-cuartel-militar.jpeg","jetpack_sharing_enabled":true,"_links":{"self":[{"href":"https:\/\/zonaroja.com.mx\/index.php?rest_route=\/wp\/v2\/posts\/45771","targetHints":{"allow":["GET"]}}],"collection":[{"href":"https:\/\/zonaroja.com.mx\/index.php?rest_route=\/wp\/v2\/posts"}],"about":[{"href":"https:\/\/zonaroja.com.mx\/index.php?rest_route=\/wp\/v2\/types\/post"}],"author":[{"embeddable":true,"href":"https:\/\/zonaroja.com.mx\/index.php?rest_route=\/wp\/v2\/users\/2"}],"replies":[{"embeddable":true,"href":"https:\/\/zonaroja.com.mx\/index.php?rest_route=%2Fwp%2Fv2%2Fcomments&post=45771"}],"version-history":[{"count":1,"href":"https:\/\/zonaroja.com.mx\/index.php?rest_route=\/wp\/v2\/posts\/45771\/revisions"}],"predecessor-version":[{"id":45773,"href":"https:\/\/zonaroja.com.mx\/index.php?rest_route=\/wp\/v2\/posts\/45771\/revisions\/45773"}],"wp:featuredmedia":[{"embeddable":true,"href":"https:\/\/zonaroja.com.mx\/index.php?rest_route=\/wp\/v2\/media\/45772"}],"wp:attachment":[{"href":"https:\/\/zonaroja.com.mx\/index.php?rest_route=%2Fwp%2Fv2%2Fmedia&parent=45771"}],"wp:term":[{"taxonomy":"category","embeddable":true,"href":"https:\/\/zonaroja.com.mx\/index.php?rest_route=%2Fwp%2Fv2%2Fcategories&post=45771"},{"taxonomy":"post_tag","embeddable":true,"href":"https:\/\/zonaroja.com.mx\/index.php?rest_route=%2Fwp%2Fv2%2Ftags&post=45771"}],"curies":[{"name":"wp","href":"https:\/\/api.w.org\/{rel}","templated":true}]}}