{"id":45774,"date":"2022-09-14T06:47:55","date_gmt":"2022-09-14T11:47:55","guid":{"rendered":"http:\/\/www.zonaroja.com.mx\/?p=45774"},"modified":"2022-09-14T06:47:56","modified_gmt":"2022-09-14T11:47:56","slug":"recomiendan-especialistas-a-juzgadores-emitir-sentencias-con-perspectiva-de-genero","status":"publish","type":"post","link":"https:\/\/zonaroja.com.mx\/?p=45774","title":{"rendered":"Recomiendan especialistas a juzgadores emitir sentencias con perspectiva de g\u00e9nero"},"content":{"rendered":"\n<p>Redacci\u00f3n\/Zona Roja.<\/p>\n\n\n\n<p>Oaxaca de Ju\u00e1rez, Oax., a 14 de septiembre de 2022.- En el marco del curso \u201cLa perspectiva de g\u00e9nero en la impartici\u00f3n de justicia\u201d, especialistas recomendaron a las y los juzgadores del Poder Judicial de Oaxaca, transformar la manera en que formulan criterios y emiten sentencias, para garantizar un acceso a la justicia con igualdad para mujeres y hombres, acorde a los tiempos actuales y dejando atr\u00e1s estereotipos, prejuicios y actitudes de discriminaci\u00f3n, que en ocasiones son aplicados inconscientemente.&nbsp;<\/p>\n\n\n\n<p>Durante la actividad acad\u00e9mica que se desarroll\u00f3 por cuatro d\u00edas, participaron como ponentes las magistradas Adriana Alejandra Ramos Le\u00f3n, presidenta del Primer Tribunal Colegiado en materias civil y administrativa, as\u00ed como&nbsp;coordinadora en&nbsp;Oaxaca de la Asociaci\u00f3n Mexicana de Juzgadoras y Julia Mar\u00eda del Carmen Garc\u00eda Gonz\u00e1lez, directora nacional de G\u00e9nero en la Asociaci\u00f3n Nacional de Magistrados de Circuito y Jueces de Distrito del Poder Judicial de la Federaci\u00f3n.&nbsp;<\/p>\n\n\n\n<p>Tambi\u00e9n, la magistrada Elizabeth Franco Cervantes, presidenta del Primer Tribunal Colegiado en materia Penal y de Trabajo del D\u00e9cimo Tercer Circuito y la maestra Rebeca Saucedo L\u00f3pez, directora general de Derechos Humanos, Igualdad y Asuntos Internacionales de Consejo de la&nbsp;Judicatura Federal.&nbsp;<\/p>\n\n\n\n<p>Las especialistas puntualizaron&nbsp;que hay distintos momentos en todo el proceso de impartici\u00f3n de justicia en los cuales las y los juzgadores pueden incorporar la perspectiva de g\u00e9nero, como son: en la etapa de la valoraci\u00f3n de las pruebas aportadas por las mujeres v\u00edctimas; en la etapa de la tipificaci\u00f3n de los hechos sometidos a juicio con sensibilidad a la condici\u00f3n en la que viven las mujeres que puede ser econ\u00f3mica o de pertenencia a un pueblo originario y en la etapa de la reparaci\u00f3n del da\u00f1o.&nbsp;<\/p>\n\n\n\n<p>En su ponencia, la magistrada Julia Mar\u00eda del Carmen Garc\u00eda Gonz\u00e1lez indic\u00f3 que es necesario generar cambios culturales para hacer realidad la perspectiva de g\u00e9nero. \u201cSi no hacemos un compromiso desde lo individual, no hay forma de revertir las cifras de la violencia y la desigualdad\u201d, puntualiz\u00f3. &nbsp;Por su parte, la magistrada Elizabeth Franco Cervantes, comparti\u00f3 los elementos que deben tomar en cuenta las y los juzgadores, entre los que destaca valorar las pruebas desechando estereotipos de g\u00e9nero.<\/p>\n\n\n\n<p>El curso&nbsp;\u201cLa perspectiva de g\u00e9nero en la impartici\u00f3n de justicia\u201d,fue organizado&nbsp;por&nbsp;la Escuela Federal de Formaci\u00f3n Judicial y laAsociaci\u00f3n Mexicana de Juzgadoras, A.C., en colaboraci\u00f3n con la Unidad de Igualdad de G\u00e9nero&nbsp;de la Direcci\u00f3n de Derechos Humanos del Consejo de la Judicatura del Estado.<\/p>\n","protected":false},"excerpt":{"rendered":"<p>Redacci\u00f3n\/Zona Roja. Oaxaca de Ju\u00e1rez, Oax., a 14 de septiembre de 2022.- En el marco&hellip;<\/p>\n","protected":false},"author":2,"featured_media":45775,"comment_status":"closed","ping_status":"open","sticky":false,"template":"","format":"standard","meta":{"_lmt_disableupdate":"","_lmt_disable":"","_jetpack_memberships_contains_paid_content":false,"footnotes":""},"categories":[109,46],"tags":[223],"class_list":["post-45774","post","type-post","status-publish","format-standard","has-post-thumbnail","hentry","category-minuto-a-minuto","category-zona-blanca","tag-poder-judicial-de-oaxaca"],"jetpack_featured_media_url":"https:\/\/zonaroja.com.mx\/wp-content\/uploads\/2022\/09\/Poder-Judicial-Oaxaca.jpg","jetpack_sharing_enabled":true,"_links":{"self":[{"href":"https:\/\/zonaroja.com.mx\/index.php?rest_route=\/wp\/v2\/posts\/45774","targetHints":{"allow":["GET"]}}],"collection":[{"href":"https:\/\/zonaroja.com.mx\/index.php?rest_route=\/wp\/v2\/posts"}],"about":[{"href":"https:\/\/zonaroja.com.mx\/index.php?rest_route=\/wp\/v2\/types\/post"}],"author":[{"embeddable":true,"href":"https:\/\/zonaroja.com.mx\/index.php?rest_route=\/wp\/v2\/users\/2"}],"replies":[{"embeddable":true,"href":"https:\/\/zonaroja.com.mx\/index.php?rest_route=%2Fwp%2Fv2%2Fcomments&post=45774"}],"version-history":[{"count":1,"href":"https:\/\/zonaroja.com.mx\/index.php?rest_route=\/wp\/v2\/posts\/45774\/revisions"}],"predecessor-version":[{"id":45776,"href":"https:\/\/zonaroja.com.mx\/index.php?rest_route=\/wp\/v2\/posts\/45774\/revisions\/45776"}],"wp:featuredmedia":[{"embeddable":true,"href":"https:\/\/zonaroja.com.mx\/index.php?rest_route=\/wp\/v2\/media\/45775"}],"wp:attachment":[{"href":"https:\/\/zonaroja.com.mx\/index.php?rest_route=%2Fwp%2Fv2%2Fmedia&parent=45774"}],"wp:term":[{"taxonomy":"category","embeddable":true,"href":"https:\/\/zonaroja.com.mx\/index.php?rest_route=%2Fwp%2Fv2%2Fcategories&post=45774"},{"taxonomy":"post_tag","embeddable":true,"href":"https:\/\/zonaroja.com.mx\/index.php?rest_route=%2Fwp%2Fv2%2Ftags&post=45774"}],"curies":[{"name":"wp","href":"https:\/\/api.w.org\/{rel}","templated":true}]}}