{"id":45779,"date":"2022-09-14T12:52:00","date_gmt":"2022-09-14T17:52:00","guid":{"rendered":"http:\/\/www.zonaroja.com.mx\/?p=45779"},"modified":"2022-09-14T06:57:13","modified_gmt":"2022-09-14T11:57:13","slug":"opinion-el-doce-por-ciento-de-monreal","status":"publish","type":"post","link":"https:\/\/zonaroja.com.mx\/?p=45779","title":{"rendered":"Opini\u00f3n. El doce por ciento de Monreal"},"content":{"rendered":"\n<p>Gibr\u00e1n Ram\u00edrez Reyes*<\/p>\n\n\n\n<p>En las semanas recientes ha aparecido con m\u00e1s insistencia en la conversaci\u00f3n p\u00fablica la figura de Ricardo Monreal \u00c1vila, el coordinador de los senadores de Morena.&nbsp;<\/p>\n\n\n\n<p>Apareci\u00f3, primero, por ganar al oficialismo m\u00e1s cercano a Claudia Sheinbaum y Ad\u00e1n Augusto L\u00f3pez la presidencia de la mesa directiva del Senado aun con la intensa operaci\u00f3n de subsecretarios y gobernadores que hicieron llamadas para presionar y persuadir a los legisladores.&nbsp;<\/p>\n\n\n\n<p>Los senadores, adem\u00e1s de apoyar a Monreal, dieron una muestra de dignidad y autonom\u00eda republicana, dejando claro que no se puede tratar como empleados o levantadedos a los representantes del Pacto Federal.&nbsp;<\/p>\n\n\n\n<p>Palacio Nacional tom\u00f3 nota y Ad\u00e1n Augusto L\u00f3pez acudi\u00f3 a visitar a los senadores, les ofreci\u00f3 su respeto y una cita con el Presidente.&nbsp;<\/p>\n\n\n\n<p>Pero las cosas volvieron a calentarse. Monreal apareci\u00f3, despu\u00e9s, en la votaci\u00f3n de la Guardia Nacional en la que emiti\u00f3 un voto particular explicando su abstenci\u00f3n, renuente a posicionarse a favor de una oposici\u00f3n hip\u00f3crita que antes defendi\u00f3 y hoy fustiga la participaci\u00f3n de las fuerzas armadas en la seguridad p\u00fablica, pero tambi\u00e9n a respaldar una reforma legal que contradice lo que los mismos legisladores aprobaron apenas unos a\u00f1os atr\u00e1s en forma de reforma constitucional.&nbsp;<\/p>\n\n\n\n<p>Esta decisi\u00f3n enfureci\u00f3 al oficialismo, que, confiado de que no se lee en M\u00e9xico, se posicion\u00f3 contra el voto de Monreal como si \u00e9ste hubiera sido en contra de la reforma.&nbsp;<\/p>\n\n\n\n<p>En Zacatecas y sin que el gobernador David defendiera a su hermano, el Presidente sentenci\u00f3: Monreal avala \u201cla falsedad, la hipocres\u00eda y la politiquer\u00eda del conservadurismo\u201d.&nbsp;<\/p>\n\n\n\n<p>No explic\u00f3 c\u00f3mo aval\u00f3 la hipocres\u00eda, si no vot\u00f3 contra la iniciativa (como la oposici\u00f3n quer\u00eda) y adem\u00e1s condujo con \u00e9xito un voto casi un\u00e1nime de la coalici\u00f3n \u2013no sin dejar de advertir que a \u00e9l, personalmente, le parece muy problem\u00e1tico en t\u00e9rminos jur\u00eddicos.<\/p>\n\n\n\n<p>Como es el Presidente, cada vez se le exime m\u00e1s de fundamentar sus dichos. La incomodidad y el disgusto de L\u00f3pez Obrador provienen de no poder encasillar al senador rebelde con la narrativa antiobradorista.&nbsp;<\/p>\n\n\n\n<p>Para los m\u00e1s obedientes entre su p\u00fablico, Monreal debe ser condenado al pared\u00f3n de los traidores.&nbsp;<\/p>\n\n\n\n<p>Pero, sorprendentemente, hay un segmento importante entre los simpatizantes y militantes del partido (y una cantidad similar en el p\u00fablico externo) que se han mantenido, contra viento y marea, apoyando a Monreal despu\u00e9s de que se le ha atacado sistem\u00e1ticamente por m\u00e1s de un a\u00f1o desde los equipos que gobiernan la Ciudad de M\u00e9xico e, incluso, desde la Presidencia de la Rep\u00fablica.&nbsp;<\/p>\n\n\n\n<p>Contra la voluntad del Presidente, con una cobertura medi\u00e1tica \u2013seg\u00fan el estudio ARMA de Central de Inteligencia Pol\u00edtica&#8211; que significa menos de la mitad de la que recibe Ad\u00e1n Augusto, menos de un tercio de la que recibe Sheinbaum, y casi un cuarto de la que recibe Marcelo Ebrard, las encuestas m\u00e1s serias de intenci\u00f3n de voto (por ejemplo, la de \u201cEl Financiero\u201d) dan alrededor de un doce por ciento de preferencia a Monreal adentro y afuera de Morena.&nbsp;<\/p>\n\n\n\n<p>Ese doce por ciento parece ser menos vol\u00e1til que los porcentajes de los otros aspirantes. Se mantiene, a pesar de que Monreal no se ha sumado al aplauso f\u00e1cil ni a la lisonja cotidiana (o quiz\u00e1 precisamente por eso).&nbsp;&nbsp;<\/p>\n\n\n\n<p>*Doctor en ciencia pol\u00edtica por la UNAM.<\/p>\n\n\n\n<p>@gibranrr&nbsp;<\/p>\n","protected":false},"excerpt":{"rendered":"<p>Gibr\u00e1n Ram\u00edrez Reyes* En las semanas recientes ha aparecido con m\u00e1s insistencia en la conversaci\u00f3n&hellip;<\/p>\n","protected":false},"author":2,"featured_media":41734,"comment_status":"closed","ping_status":"open","sticky":false,"template":"","format":"standard","meta":{"_lmt_disableupdate":"","_lmt_disable":"","_jetpack_memberships_contains_paid_content":false,"footnotes":""},"categories":[456,109],"tags":[2489],"class_list":["post-45779","post","type-post","status-publish","format-standard","has-post-thumbnail","hentry","category-columna","category-minuto-a-minuto","tag-gibran-ramirez-reyes"],"jetpack_featured_media_url":"https:\/\/zonaroja.com.mx\/wp-content\/uploads\/2022\/05\/Opinion-Gibran-Ramirez-Reyes.jpg","jetpack_sharing_enabled":true,"_links":{"self":[{"href":"https:\/\/zonaroja.com.mx\/index.php?rest_route=\/wp\/v2\/posts\/45779","targetHints":{"allow":["GET"]}}],"collection":[{"href":"https:\/\/zonaroja.com.mx\/index.php?rest_route=\/wp\/v2\/posts"}],"about":[{"href":"https:\/\/zonaroja.com.mx\/index.php?rest_route=\/wp\/v2\/types\/post"}],"author":[{"embeddable":true,"href":"https:\/\/zonaroja.com.mx\/index.php?rest_route=\/wp\/v2\/users\/2"}],"replies":[{"embeddable":true,"href":"https:\/\/zonaroja.com.mx\/index.php?rest_route=%2Fwp%2Fv2%2Fcomments&post=45779"}],"version-history":[{"count":1,"href":"https:\/\/zonaroja.com.mx\/index.php?rest_route=\/wp\/v2\/posts\/45779\/revisions"}],"predecessor-version":[{"id":45780,"href":"https:\/\/zonaroja.com.mx\/index.php?rest_route=\/wp\/v2\/posts\/45779\/revisions\/45780"}],"wp:featuredmedia":[{"embeddable":true,"href":"https:\/\/zonaroja.com.mx\/index.php?rest_route=\/wp\/v2\/media\/41734"}],"wp:attachment":[{"href":"https:\/\/zonaroja.com.mx\/index.php?rest_route=%2Fwp%2Fv2%2Fmedia&parent=45779"}],"wp:term":[{"taxonomy":"category","embeddable":true,"href":"https:\/\/zonaroja.com.mx\/index.php?rest_route=%2Fwp%2Fv2%2Fcategories&post=45779"},{"taxonomy":"post_tag","embeddable":true,"href":"https:\/\/zonaroja.com.mx\/index.php?rest_route=%2Fwp%2Fv2%2Ftags&post=45779"}],"curies":[{"name":"wp","href":"https:\/\/api.w.org\/{rel}","templated":true}]}}