{"id":45781,"date":"2022-09-14T09:22:00","date_gmt":"2022-09-14T14:22:00","guid":{"rendered":"http:\/\/www.zonaroja.com.mx\/?p=45781"},"modified":"2022-09-14T07:32:08","modified_gmt":"2022-09-14T12:32:08","slug":"llega-feretro-de-la-reina-isabel-ii-a-londres-para-las-exequias","status":"publish","type":"post","link":"https:\/\/zonaroja.com.mx\/?p=45781","title":{"rendered":"Llega f\u00e9retro de la reina Isabel II a Londres, para las exequias"},"content":{"rendered":"\n<p>Redacci\u00f3n\/Zona Roja Cdmx.<\/p>\n\n\n\n<p>Ciudad de M\u00e9xico, a 14 de septiembre de 2022.- Los restos de Isabel II de Inglaterra ya est\u00e1n en el Palacio de Buckingham, antes de des\u00adcansar para siempre junto a su marido, Felipe el duque de Edimburgo.<\/p>\n\n\n\n<p>El f\u00e9retro de roble ingres\u00f3 a la que fue la residencia de la monarca, ah\u00ed se reuni\u00f3 la Familia Real brit\u00e1nica, con el pr\u00edncipe Carlos, su esposa, la reina consorte Camilla, y los pr\u00edncipes de Gales, Guillermo y Kate.<\/p>\n\n\n\n<p>La soberana, la m\u00e1s lon\u00adgeva del pa\u00eds y la segunda monarca con el reinado m\u00e1s largo en toda la historia, ha sido despedida en la intimi\u00addad por los suyos.<\/p>\n\n\n\n<p>El palacio de Buckingham se convirti\u00f3 en la residencia de la realeza en el a\u00f1o 1837.<\/p>\n\n\n\n<p>Cientos de personas se congregaron en las inmedia\u00adciones de la residencia de la familia real para recibir a la comitiva que acompa\u00f1aba el f\u00e9retro.<\/p>\n\n\n\n<p>Una vez que los restos de la monarca cruzaron las puertas exteriores del pala\u00adcio, los asistentes celebraron con aplausos y v\u00edtores dedi\u00adcados a Isabel II.<\/p>\n\n\n\n<p>Una aeronave C-17 Globe\u00admaster, usada recientemente en misiones de ayuda a Ucra\u00adnia, lleg\u00f3 a la base militar de Northolt a las 18:54 tiempo local, transportando en su interior el f\u00e9retro cubierto con el estandarte real y una corona de flores.<\/p>\n\n\n\n<p>Horas antes, ocho porta\u00addores sacaron el ata\u00fad bajo las miradas de emoci\u00f3n de una multitud reunida a las puertas de la catedral de Saint Giles de Edimburgo, donde permaneci\u00f3 en una capilla desde el lunes por la tarde.<\/p>\n\n\n\n<p>El primer homenaje mul\u00adtitudinario a Isabel II tuvo lu\u00adgar en esa ciudad.<\/p>\n\n\n\n<p>\u201cEscocia se despidi\u00f3 de nuestra reina de Escocia con tristeza, pero con cari\u00f1o. Ya no volveremos a verla\u201d, es\u00adcribi\u00f3 en un mensaje la jefa del gobierno escoc\u00e9s, Nicola Sturgeon.<\/p>\n\n\n\n<p>Decenas de miles de per\u00adsonas desfilaron por la capilla ardiente instalada el lunes en la catedral de Saint Giles en Edimburgo.<\/p>\n\n\n\n<p>La \u00fanica hija de la reina, la princesa Ana de 72 a\u00f1os, acompa\u00f1\u00f3 el \u00faltimo viaje de Isabel II.<\/p>\n\n\n\n<p>Est\u00e1 estipulado que los restos de la monarca pasen una noche en el sal\u00f3n Bow Room del Palacio de Buckin\u00adgham rodeada de la familia real.<\/p>\n\n\n\n<p>Hoy est\u00e1 programado que el f\u00e9retro sea trasladado en un carro de combate como parte de una gran procesi\u00f3n militar.<\/p>\n\n\n\n<p>El ata\u00fad, que se mantie\u00adne cubierto con el estan\u00addarte real y una corona de flores ser\u00e1 trasladado hasta Westminster Hall, es el m\u00e1s antiguo de los m\u00e1s de mil sa\u00adlones que tiene el Palacio de Westminster, sede del Parla\u00admento brit\u00e1nico.<\/p>\n\n\n\n<p>All\u00ed permanecer\u00e1 durante cuatro d\u00edas para que los lon\u00addinenses puedan mostrar sus respetos a su monarca.<\/p>\n\n\n\n<p>El gobierno anunci\u00f3 que la gente deber\u00e1 permanecer formada de pie para poder ver el f\u00e9retro.<\/p>\n\n\n\n<p>\u201cTengan en cuenta esto antes de decidir asistir o traer a ni\u00f1os\u201d, advirti\u00f3 la oficina de la primera ministra, Liz Truss Downing Street.<\/p>\n\n\n\n<p>Sin embargo, para los lon\u00addinenses, pasar el tiempo en la fila no representa ning\u00fan problema.<\/p>\n\n\n\n<p>(Informaci\u00f3n de agencias internacionales en \u201cExc\u00e9lsior\u201d)<\/p>\n","protected":false},"excerpt":{"rendered":"<p>Redacci\u00f3n\/Zona Roja Cdmx. Ciudad de M\u00e9xico, a 14 de septiembre de 2022.- Los restos de&hellip;<\/p>\n","protected":false},"author":2,"featured_media":45782,"comment_status":"closed","ping_status":"open","sticky":false,"template":"","format":"standard","meta":{"_lmt_disableupdate":"","_lmt_disable":"","_jetpack_memberships_contains_paid_content":false,"footnotes":""},"categories":[109,46],"tags":[3250],"class_list":["post-45781","post","type-post","status-publish","format-standard","has-post-thumbnail","hentry","category-minuto-a-minuto","category-zona-blanca","tag-reina-isabel-ii"],"jetpack_featured_media_url":"https:\/\/zonaroja.com.mx\/wp-content\/uploads\/2022\/09\/Feretro-Lonres-reina-Isabel-III.jpeg","jetpack_sharing_enabled":true,"_links":{"self":[{"href":"https:\/\/zonaroja.com.mx\/index.php?rest_route=\/wp\/v2\/posts\/45781","targetHints":{"allow":["GET"]}}],"collection":[{"href":"https:\/\/zonaroja.com.mx\/index.php?rest_route=\/wp\/v2\/posts"}],"about":[{"href":"https:\/\/zonaroja.com.mx\/index.php?rest_route=\/wp\/v2\/types\/post"}],"author":[{"embeddable":true,"href":"https:\/\/zonaroja.com.mx\/index.php?rest_route=\/wp\/v2\/users\/2"}],"replies":[{"embeddable":true,"href":"https:\/\/zonaroja.com.mx\/index.php?rest_route=%2Fwp%2Fv2%2Fcomments&post=45781"}],"version-history":[{"count":1,"href":"https:\/\/zonaroja.com.mx\/index.php?rest_route=\/wp\/v2\/posts\/45781\/revisions"}],"predecessor-version":[{"id":45783,"href":"https:\/\/zonaroja.com.mx\/index.php?rest_route=\/wp\/v2\/posts\/45781\/revisions\/45783"}],"wp:featuredmedia":[{"embeddable":true,"href":"https:\/\/zonaroja.com.mx\/index.php?rest_route=\/wp\/v2\/media\/45782"}],"wp:attachment":[{"href":"https:\/\/zonaroja.com.mx\/index.php?rest_route=%2Fwp%2Fv2%2Fmedia&parent=45781"}],"wp:term":[{"taxonomy":"category","embeddable":true,"href":"https:\/\/zonaroja.com.mx\/index.php?rest_route=%2Fwp%2Fv2%2Fcategories&post=45781"},{"taxonomy":"post_tag","embeddable":true,"href":"https:\/\/zonaroja.com.mx\/index.php?rest_route=%2Fwp%2Fv2%2Ftags&post=45781"}],"curies":[{"name":"wp","href":"https:\/\/api.w.org\/{rel}","templated":true}]}}