{"id":45784,"date":"2022-09-14T08:27:02","date_gmt":"2022-09-14T13:27:02","guid":{"rendered":"http:\/\/www.zonaroja.com.mx\/?p=45784"},"modified":"2022-09-14T19:15:00","modified_gmt":"2022-09-15T00:15:00","slug":"gobierno-de-nayarit-modifica-bandera-nacional-y-le-pone-colores-de-morena","status":"publish","type":"post","link":"https:\/\/zonaroja.com.mx\/?p=45784","title":{"rendered":"Gobierno de Nayarit modifica Bandera Nacional y le pone colores de Morena"},"content":{"rendered":"\n<p>Redacci\u00f3n\/Zona Roja Cdmx.<\/p>\n\n\n\n<p>Ciudad de M\u00e9xico, a 14 de septiembre de 2022.- Despu\u00e9s de que en Nayarit, el gobernador Miguel \u00c1ngel Navarro, emitiera una \u00abrespetuosa disculpa\u00bb por haber cambiado los colores de la Bandera Nacional, pol\u00edticos y ciudadanos exigieron una sanci\u00f3n, como corresponde a la ley, a los responsables, tanto el mandatario como sus asesores.&nbsp;<\/p>\n\n\n\n<p>Las afrentas hacia los escudos nunca han sido solapadas por secretario de Gobernaci\u00f3n alguno, y son legendarias las sanciones a quienes, como Jorge Mu\u00f1iz al cantar el himno en una pelea de boxeo, lo olvid\u00f3 y fue severamente sancionado.&nbsp;<\/p>\n\n\n\n<p>La&nbsp;Bandera de M\u00e9xico, considerada la m\u00e1s bella del mundo, es uno de los grandes s\u00edmbolos nacionales y, por lo mismo, es protegida con recelo por las leyes. Contrario a otros pa\u00edses donde la bandera se usa hasta en ropa interior, ultrajar a la mexicana implica sanciones.<\/p>\n\n\n\n<p>La Ley sobre el Escudo, la Bandera y el Himno nacionales rige las disposiciones para el uso de los s\u00edmbolos, y en el caso de la bandera su uso y cuidado en ceremonias, principalmente.<\/p>\n\n\n\n<p>Guadalupe Acosta Naranjo, pol\u00edtico de izquierda, escribi\u00f3 en su cuenta de Twitter:<\/p>\n\n\n\n<p>\u00abEn el aniversario de la gesta heroica de los ni\u00f1os h\u00e9roes, en Nayarit, se les ocurri\u00f3 cambiarle los colores a nuestra bandera nacional para ponerle los de morena.<\/p>\n\n\n\n<p>\u00abEso es un delito, una ofensa, y una chin&#8230;&nbsp;de quienes se creen y sienten la patria. \u00a1M\u00e9xico somos todos!\u201d<\/p>\n\n\n\n<p>MAL ASESOR<\/p>\n\n\n\n<p>Javier Figueroa Betancourt, quien trabajaba como asesor de imagen en el gobierno de Nayarit, habr\u00eda sido el creativo encargado de modificar los colores del l\u00e1baro patrio.<\/p>\n\n\n\n<p>Trabajaba, porque, primero,&nbsp;trascendi\u00f3 en medios locales, que Figueroa Betancourt&nbsp;present\u00f3 su renuncia como director&nbsp;general de Imagen Gubernamental, despu\u00e9s del grave error cometido al cambiar los colores de la bandera de M\u00e9xico para vestir un evento p\u00fablico gubernamental. Horas despu\u00e9s fue confirmado por el director de comunicaci\u00f3n social gobierno estatal, Alberto Mart\u00ednez.<\/p>\n\n\n\n<p>Sin embargo, ni las disculpas p\u00fablicas ni los ceses son suficientes ante el agravio cometido. Los escudos nacionales son merecedores de absoluto respeto, y por ello las exigencias van en aumento.&nbsp;<\/p>\n\n\n\n<p>IRRITACI\u00d3N NACIONAL<\/p>\n\n\n\n<p>Aqu\u00ed algunos de los posicionamientos en redes sociales, previo a las denuncias legales que, seg\u00fan se maneja, podr\u00edan llegar a los juzgados en las pr\u00f3ximas horas.&nbsp;<\/p>\n\n\n\n<p>-No le acepto su respetuosa disculpa. \u00bfSi no pueden respetar la bandera nacional, qu\u00e9 podemos esperar el resto de los ciudadanos? M\u00e1s que una disculpa, esperar\u00eda que ya hubieran castigado al responsable, se est\u00e1n pasando la ley por el arco del triunfo.<\/p>\n\n\n\n<p>-No.&nbsp;Que se aplique todo el peso de la ley.<\/p>\n\n\n\n<p>-Es una infracci\u00f3n al Art\u00edculo 56, Fracci\u00f3n I de la Ley sobre el Escudo, la Bandera y el Himno Nacionales e implica una sanci\u00f3n legal descrita en ese mismo art\u00edculo \u00bfNo?<\/p>\n\n\n\n<p>-No, M\u00e9xico no&nbsp;acepta tu humillaci\u00f3n a nuestra bandera. Renuncia!!!<\/p>\n\n\n\n<p>-Cometieron un DELITO se\u00f1alado en los art\u00edculos 91 y 192 del C\u00d3DIGO PENAL FEDERAL (ultrajes a la insignia nacional).<\/p>\n\n\n\n<p>-Hay una ley que ustedes violentaron y eso conlleva a una sanci\u00f3n.<\/p>\n\n\n\n<p>-\u00bfCu\u00e1l disculpa? Son de seis meses a 4 a\u00f1os en el tambo! \u00bfO es que est\u00e1s encima de la ley? Pregunta ret\u00f3rica porque ninguno de los morenistas respeta la ley.<\/p>\n\n\n\n<p>-Replying to&nbsp;@MiguelANavarroQ @SEGOB_mx&nbsp;Solicito respetuosamente que se sancione de acuerdo a la ley al Gobierno de Nayarit.<\/p>\n\n\n\n<p>-Disculpas no aceptadas, viol\u00f3 la ley y por tanto debe ser sancionado, el desconocimiento de una ley no lo exime.<\/p>\n\n\n\n<p>-Lo que usted cometi\u00f3 es un delito que no se resuelve con una disculpa.&nbsp;As\u00ed que, vea lo que debe pagar por ello.<\/p>\n\n\n\n<p>(Informaci\u00f3n de \u201cExc\u00e9lsior\u201d)<\/p>\n","protected":false},"excerpt":{"rendered":"<p>Redacci\u00f3n\/Zona Roja Cdmx. Ciudad de M\u00e9xico, a 14 de septiembre de 2022.- Despu\u00e9s de que&hellip;<\/p>\n","protected":false},"author":2,"featured_media":45785,"comment_status":"closed","ping_status":"open","sticky":false,"template":"","format":"standard","meta":{"_lmt_disableupdate":"","_lmt_disable":"","_jetpack_memberships_contains_paid_content":false,"footnotes":""},"categories":[109,47],"tags":[3261],"class_list":["post-45784","post","type-post","status-publish","format-standard","has-post-thumbnail","hentry","category-minuto-a-minuto","category-zona-gris","tag-nayarit"],"jetpack_featured_media_url":"https:\/\/zonaroja.com.mx\/wp-content\/uploads\/2022\/09\/Bandera-Morena-Nayarit.jpeg","jetpack_sharing_enabled":true,"_links":{"self":[{"href":"https:\/\/zonaroja.com.mx\/index.php?rest_route=\/wp\/v2\/posts\/45784","targetHints":{"allow":["GET"]}}],"collection":[{"href":"https:\/\/zonaroja.com.mx\/index.php?rest_route=\/wp\/v2\/posts"}],"about":[{"href":"https:\/\/zonaroja.com.mx\/index.php?rest_route=\/wp\/v2\/types\/post"}],"author":[{"embeddable":true,"href":"https:\/\/zonaroja.com.mx\/index.php?rest_route=\/wp\/v2\/users\/2"}],"replies":[{"embeddable":true,"href":"https:\/\/zonaroja.com.mx\/index.php?rest_route=%2Fwp%2Fv2%2Fcomments&post=45784"}],"version-history":[{"count":1,"href":"https:\/\/zonaroja.com.mx\/index.php?rest_route=\/wp\/v2\/posts\/45784\/revisions"}],"predecessor-version":[{"id":45786,"href":"https:\/\/zonaroja.com.mx\/index.php?rest_route=\/wp\/v2\/posts\/45784\/revisions\/45786"}],"wp:featuredmedia":[{"embeddable":true,"href":"https:\/\/zonaroja.com.mx\/index.php?rest_route=\/wp\/v2\/media\/45785"}],"wp:attachment":[{"href":"https:\/\/zonaroja.com.mx\/index.php?rest_route=%2Fwp%2Fv2%2Fmedia&parent=45784"}],"wp:term":[{"taxonomy":"category","embeddable":true,"href":"https:\/\/zonaroja.com.mx\/index.php?rest_route=%2Fwp%2Fv2%2Fcategories&post=45784"},{"taxonomy":"post_tag","embeddable":true,"href":"https:\/\/zonaroja.com.mx\/index.php?rest_route=%2Fwp%2Fv2%2Ftags&post=45784"}],"curies":[{"name":"wp","href":"https:\/\/api.w.org\/{rel}","templated":true}]}}