{"id":4579,"date":"2019-10-05T20:06:04","date_gmt":"2019-10-06T01:06:04","guid":{"rendered":"http:\/\/www.zonaroja.com.mx\/?p=4579"},"modified":"2019-10-05T20:06:07","modified_gmt":"2019-10-06T01:06:07","slug":"piden-apoyo-para-nino-de-escasos-recursos-que-padece-cancer","status":"publish","type":"post","link":"https:\/\/zonaroja.com.mx\/?p=4579","title":{"rendered":"Piden apoyo para ni\u00f1o de escasos recursos que padece c\u00e1ncer"},"content":{"rendered":"\n<p>Redacci\u00f3n\/Zona Roja<\/p>\n\n\n\n<p>Oaxaca de Ju\u00e1rez, Oax., 5 de octubre de\n2019.- Geovanni es un ni\u00f1o de ocho a\u00f1os que padece c\u00e1ncer. \u00c9l, como muchos\notros menores de edad, viene de una familia humilde originaria de Santa Cruz\nNundaco, Tlaxiaco, y que adem\u00e1s recientemente se enfrent\u00f3 a otra desgracia, al\nser v\u00edctimas de un atentado donde result\u00f3 herida de bala su hermana. <\/p>\n\n\n\n<p>El pasado 29 de septiembre, la joven de\n18 a\u00f1os, Raquel Garc\u00eda Barrios, hermana del menor de edad con leucemia, sufri\u00f3\nun atentado con arma de fuego, junto con su madre Rosa Barrios, presuntamente\npor su ex pareja sentimental, lo que impidi\u00f3 incluso que se realizara la\nquimioterapia del peque\u00f1o Geovanni. <\/p>\n\n\n\n<p>Por lo anterior, la organizaci\u00f3n civil\u00a0 \u201cJuntos contra el c\u00e1ncer\u201d,\u00a0 pidi\u00f3 el apoyo de la sociedad en general para la familia de do\u00f1a Rosa Barrios, que en estos momentos necesita solventar los gastos que trae consigo las quimioterapias del peque\u00f1o y ver por su hija que fue v\u00edctima de la violencia de g\u00e9nero.<\/p>\n\n\n\n<figure class=\"wp-block-embed-twitter wp-block-embed is-type-rich is-provider-twitter\"><div class=\"wp-block-embed__wrapper\">\n<div class=\"twitter-tweet\"><blockquote class=\"twitter-tweet\" data-lang=\"es\"><p lang=\"es\" dir=\"ltr\"><a href=\"https:\/\/twitter.com\/hashtag\/OaxacaGris?src=hash&amp;ref_src=twsrc%5Etfw\">#OaxacaGris<\/a><br>Madre de familia de Santa Cruz Nundaco, Tlaxiaco, requiere apoyo para su hijo bajo tratamiento por leucemia. Pero adem\u00e1s, ella fue baleada con su hija mayor el pasado domingo, esta \u00faltima grave de salud en el Hospital de Especialidades. <br>Apoyemos esta causa. <a href=\"https:\/\/t.co\/a6N6Z6hnRc\">pic.twitter.com\/a6N6Z6hnRc<\/a><\/p>&mdash; Zona Roja Oaxaca (@MexRoja) <a href=\"https:\/\/twitter.com\/MexRoja\/status\/1180604832438112257?ref_src=twsrc%5Etfw\">5 de octubre de 2019<\/a><\/blockquote><\/div>\n<\/div><\/figure>\n\n\n\n<p>Aunque aclaran que la atenci\u00f3n m\u00e9dica\nla est\u00e1n realizando en hospitales p\u00fablicos, los gastos para la familia se han\nvisto incrementados sobremanera por el tratamiento para la leucemia del menor\nde edad, as\u00ed como la terapia intensiva en la que se encuentra la joven mujer\natacada a balazos.<\/p>\n\n\n\n<p>Debido a esta situaci\u00f3n, piden el apoyo\necon\u00f3mico o en especie para la se\u00f1ora Rosa Barrios, que hoy tiene que velar por\nel bienestar de su familia y que se encuentra en el Hospital Regional de Alta\nEspecialidad de Oaxaca pasando fr\u00edo y hambre.<\/p>\n\n\n\n<p>A las personas interesadas, pueden\nllamarle directamente al 951 6091988 o hacer sus donativos para Geovanni en un\nlocal ubicado en la avenida Independencia 401, en el centro de la ciudad de\nOaxaca.<\/p>\n\n\n\n<p>As\u00ed mismo, solicitaron la intervenci\u00f3n\nde organizaciones en defensa de las mujeres para dar seguimiento al caso de la joven\natacada a balazos, ya que el agresor que responde al nombre de Daniel Federico\nC. S., se dio a la fuga luego de accionar el arma en su contra, debido a que se\nneg\u00f3 a reanudar su relaci\u00f3n sentimental.<\/p>\n\n\n\n<p>Hace unos d\u00edas, el Centro de Derechos\nHumanos y Asesor\u00eda de Pueblos Ind\u00edgenas se pronunci\u00f3 en contra de la violencia\nde g\u00e9nero en la regi\u00f3n Mixteca y exigi\u00f3 a la Fiscal\u00eda General de Oaxaca,\nencabezada por Rub\u00e9n Vasconcelos M\u00e9ndez, acciones contundentes para sancionar a\nlos responsables. <\/p>\n\n\n\n<p>Dentro de los casos que difundi\u00f3 la organizaci\u00f3n\nse encuentra el de la familia Barrios, en el que resultaron heridas Raquel\nBarrios, de 18 a\u00f1os de edad, y su madre Rosa Barrios.<\/p>\n\n\n\n<p>Raquel se encuentra grave de salud, en\nel Hospital de Especialidades, ubicado en el municipio de San Bartolo Coyotepec.<\/p>\n","protected":false},"excerpt":{"rendered":"<p>Redacci\u00f3n\/Zona Roja Oaxaca de Ju\u00e1rez, Oax., 5 de octubre de 2019.- Geovanni es un ni\u00f1o&hellip;<\/p>\n","protected":false},"author":2,"featured_media":4580,"comment_status":"closed","ping_status":"open","sticky":false,"template":"","format":"standard","meta":{"_lmt_disableupdate":"","_lmt_disable":"","_jetpack_memberships_contains_paid_content":false,"footnotes":""},"categories":[109,47],"tags":[794],"class_list":["post-4579","post","type-post","status-publish","format-standard","has-post-thumbnail","hentry","category-minuto-a-minuto","category-zona-gris","tag-santa-cruz-nundaco"],"jetpack_featured_media_url":"https:\/\/zonaroja.com.mx\/wp-content\/uploads\/2019\/10\/PHOTO-2019-10-05-17-02-13.jpg","jetpack_sharing_enabled":true,"_links":{"self":[{"href":"https:\/\/zonaroja.com.mx\/index.php?rest_route=\/wp\/v2\/posts\/4579","targetHints":{"allow":["GET"]}}],"collection":[{"href":"https:\/\/zonaroja.com.mx\/index.php?rest_route=\/wp\/v2\/posts"}],"about":[{"href":"https:\/\/zonaroja.com.mx\/index.php?rest_route=\/wp\/v2\/types\/post"}],"author":[{"embeddable":true,"href":"https:\/\/zonaroja.com.mx\/index.php?rest_route=\/wp\/v2\/users\/2"}],"replies":[{"embeddable":true,"href":"https:\/\/zonaroja.com.mx\/index.php?rest_route=%2Fwp%2Fv2%2Fcomments&post=4579"}],"version-history":[{"count":1,"href":"https:\/\/zonaroja.com.mx\/index.php?rest_route=\/wp\/v2\/posts\/4579\/revisions"}],"predecessor-version":[{"id":4581,"href":"https:\/\/zonaroja.com.mx\/index.php?rest_route=\/wp\/v2\/posts\/4579\/revisions\/4581"}],"wp:featuredmedia":[{"embeddable":true,"href":"https:\/\/zonaroja.com.mx\/index.php?rest_route=\/wp\/v2\/media\/4580"}],"wp:attachment":[{"href":"https:\/\/zonaroja.com.mx\/index.php?rest_route=%2Fwp%2Fv2%2Fmedia&parent=4579"}],"wp:term":[{"taxonomy":"category","embeddable":true,"href":"https:\/\/zonaroja.com.mx\/index.php?rest_route=%2Fwp%2Fv2%2Fcategories&post=4579"},{"taxonomy":"post_tag","embeddable":true,"href":"https:\/\/zonaroja.com.mx\/index.php?rest_route=%2Fwp%2Fv2%2Ftags&post=4579"}],"curies":[{"name":"wp","href":"https:\/\/api.w.org\/{rel}","templated":true}]}}