{"id":45792,"date":"2022-09-14T13:02:22","date_gmt":"2022-09-14T18:02:22","guid":{"rendered":"https:\/\/www.zonaroja.com.mx\/?p=45792"},"modified":"2022-09-14T13:04:05","modified_gmt":"2022-09-14T18:04:05","slug":"y-juez-absuelve-a-jose-luis-abarca-del-secuestro-y-desaparicion-de-43-normalistas-de-ayotzinapa","status":"publish","type":"post","link":"https:\/\/zonaroja.com.mx\/?p=45792","title":{"rendered":"Y juez absuelve a Jos\u00e9 Luis Abarca del secuestro y desaparici\u00f3n de 43 normalistas de Ayotzinapa"},"content":{"rendered":"\n<p>Redacci\u00f3n\/ZonaRoja Cdmx.&nbsp;<\/p>\n\n\n\n<p>Ciudad de M\u00e9xico, a 14 de septiembre de 2022.-&nbsp;Un juez federal absolvi\u00f3 al ex alcalde de Iguala, Guerrero, Jos\u00e9 Luis Abarca Vel\u00e1zquez, del secuestro y desaparici\u00f3n de los 43 estudiantes normalistas de Ayotzinapa, por falta de elementos de prueba para acreditar su responsabilidad en los hechos ocurridos en Iguala, Guerrero, los d\u00edas 26 y 27 de septiembre del 2014.<\/p>\n\n\n\n<p>La resoluci\u00f3n fue dictada por el Juzgado Tercero de Distrito de Procesos Penales Federales con sede en Matamoros, Tamaulipas, pero la Fiscal\u00eda General de la Rep\u00fablica (FGR) neg\u00f3 ya que haya sido notificada de la resoluci\u00f3n judicial.<\/p>\n\n\n\n<p>El fallo todav\u00eda no es definitivo y puede ser impugnado por la FGR mediante una apelaci\u00f3n que deber\u00e1 resolver un tribunal federal unitario de circuito.<\/p>\n\n\n\n<p>No obstante, Abarca seguir\u00e1 en prisi\u00f3n debido a que enfrenta tres procesos penales m\u00e1s: uno por el delito de delincuencia organizada y sus presuntos nexos con el grupo delictivo Guerreros Unidos; otro por lavado de dinero y delincuencia organizada; y el tercero por el delito de homicidio doloso agravado en contra de los l\u00edderes sociales, Arturo Hern\u00e1ndez Cardona y Justino Carbajal Salgado.<\/p>\n\n\n\n<p>La resoluci\u00f3n se da luego de que la Comisi\u00f3n para la Verdad y Acceso a la Justicia del Caso Ayotzinapa, a cargo del Subsecretario de Derechos Humanos del gobierno federal, Alejandro Encinas, afirmara que Jos\u00e9 Luis Abarca uno de los autores intelectuales y materiales del secuestro y desaparici\u00f3n de los 43 j\u00f3venes normalistas.<\/p>\n\n\n\n<p>Identificado en el informe de la Comisi\u00f3n de la Verdad con la clave \u201cA1\u201d, el documento se\u00f1ala que Abarca Vel\u00e1zquez orden\u00f3 matar a los estudiantes una vez que ya hab\u00edan sido retenidos por polic\u00edas municipales de Iguala, sobre los que ten\u00eda mando directo, y presuntos sicarios de \u201cGuerreros Unidos\u201d, por lo que incluso habr\u00eda enviado mensajes con \u00f3rdenes textuales de asesinar a los normalistas.<\/p>\n\n\n\n<p>\u201cA1 seguramente orden\u00f3 la desaparici\u00f3n de todos los estudiantes porque no saben \u2018qui\u00e9n es qui\u00e9n\u2019 y se est\u00e1 calentando la plaza demasiado, \u2018m\u00e1talos a todos, Iguala es m\u00edo\u2019, dijo,\u201d, seg\u00fan el documento que se dio a conocer Encinas el pasado 18 de agosto.<\/p>\n\n\n\n<p>(Informaci\u00f3n de agencias nacionales)<\/p>\n","protected":false},"excerpt":{"rendered":"<p>Redacci\u00f3n\/ZonaRoja Cdmx.&nbsp; Ciudad de M\u00e9xico, a 14 de septiembre de 2022.-&nbsp;Un juez federal absolvi\u00f3 al&hellip;<\/p>\n","protected":false},"author":2,"featured_media":45791,"comment_status":"closed","ping_status":"open","sticky":false,"template":"","format":"standard","meta":{"_lmt_disableupdate":"","_lmt_disable":"","_jetpack_memberships_contains_paid_content":false,"footnotes":""},"categories":[109,47],"tags":[],"class_list":["post-45792","post","type-post","status-publish","format-standard","has-post-thumbnail","hentry","category-minuto-a-minuto","category-zona-gris"],"jetpack_featured_media_url":"https:\/\/zonaroja.com.mx\/wp-content\/uploads\/2022\/09\/img_1923.jpg","jetpack_sharing_enabled":true,"_links":{"self":[{"href":"https:\/\/zonaroja.com.mx\/index.php?rest_route=\/wp\/v2\/posts\/45792","targetHints":{"allow":["GET"]}}],"collection":[{"href":"https:\/\/zonaroja.com.mx\/index.php?rest_route=\/wp\/v2\/posts"}],"about":[{"href":"https:\/\/zonaroja.com.mx\/index.php?rest_route=\/wp\/v2\/types\/post"}],"author":[{"embeddable":true,"href":"https:\/\/zonaroja.com.mx\/index.php?rest_route=\/wp\/v2\/users\/2"}],"replies":[{"embeddable":true,"href":"https:\/\/zonaroja.com.mx\/index.php?rest_route=%2Fwp%2Fv2%2Fcomments&post=45792"}],"version-history":[{"count":1,"href":"https:\/\/zonaroja.com.mx\/index.php?rest_route=\/wp\/v2\/posts\/45792\/revisions"}],"predecessor-version":[{"id":45793,"href":"https:\/\/zonaroja.com.mx\/index.php?rest_route=\/wp\/v2\/posts\/45792\/revisions\/45793"}],"wp:featuredmedia":[{"embeddable":true,"href":"https:\/\/zonaroja.com.mx\/index.php?rest_route=\/wp\/v2\/media\/45791"}],"wp:attachment":[{"href":"https:\/\/zonaroja.com.mx\/index.php?rest_route=%2Fwp%2Fv2%2Fmedia&parent=45792"}],"wp:term":[{"taxonomy":"category","embeddable":true,"href":"https:\/\/zonaroja.com.mx\/index.php?rest_route=%2Fwp%2Fv2%2Fcategories&post=45792"},{"taxonomy":"post_tag","embeddable":true,"href":"https:\/\/zonaroja.com.mx\/index.php?rest_route=%2Fwp%2Fv2%2Ftags&post=45792"}],"curies":[{"name":"wp","href":"https:\/\/api.w.org\/{rel}","templated":true}]}}