{"id":45795,"date":"2022-09-14T13:54:55","date_gmt":"2022-09-14T18:54:55","guid":{"rendered":"https:\/\/www.zonaroja.com.mx\/?p=45795"},"modified":"2022-09-14T19:14:16","modified_gmt":"2022-09-15T00:14:16","slug":"aumenta-casos-de-violencia-contra-mujeres-en-la-cienega-municipio-gobernado-por-una-mujer","status":"publish","type":"post","link":"https:\/\/zonaroja.com.mx\/?p=45795","title":{"rendered":"Aumenta casos de violencia contra mujeres en La Ci\u00e9nega\u2026 municipio gobernado por una mujer"},"content":{"rendered":"\n<p>Yuridiana Sosa\/Zona Roja.&nbsp;<\/p>\n\n\n\n<p>Oaxaca de Ju\u00e1rez, Oax., 14 de septiembre de 2022.- La violencia pol\u00edtica por raz\u00f3n de g\u00e9nero en el ayuntamiento de La Ci\u00e9nega, Zimatl\u00e1n, en Valles Centrales, va en incremento ante la denuncia de cinco funcionarias municipales, con lo que suman seis casos en lo que va de la actual administraci\u00f3n.<\/p>\n\n\n\n<p>Frente a oficinas de la Defensor\u00eda de los Derechos Humanos del Pueblo de Oaxaca (DDHPO), regidoras y directoras de \u00e1reas, alzaron la voz contra las m\u00faltiples violaciones que de las que han sido v\u00edctimas por parte del s\u00edndico Antonio Moreno Flori\u00e1n y bajo la omisi\u00f3n de la edil, Maricela Morales Guti\u00e9rrez.<\/p>\n\n\n\n<p>Las afectadas, Paulina Arredondo M\u00e9ndez, Concepci\u00f3n L\u00f3pez Cruz, Lorena Laura Rodr\u00edguez Castellanos, Carolina Celaya G\u00f3mez, Florentina Cruz Castellanos, han sido hostigadas y acosadas laboral y sexualmente de diferentes formas desde el inicio de la administraci\u00f3n, pero se ha incrementado ante la exigencia de transparentar los recursos p\u00fablicos.<\/p>\n\n\n\n<p>Para obstruir sus funciones les han cerrado sus oficinas y aplicado la retenci\u00f3n de salarios, suspensi\u00f3n de vi\u00e1ticos y despido injustificado por supuestas faltas administrativas.<\/p>\n\n\n\n<p>Por los diferentes actos, las funcionarias han interpuesto denuncias ante la Fiscal\u00eda General del Estado de Oaxaca.<\/p>\n\n\n\n<p>Las agresiones contra sus derechos son permitidas por la presidenta municipal, quien adem\u00e1s se niega a realizar informes claros de la aplicaci\u00f3n de recursos, mientras que en \u00e1reas como la Tesorer\u00eda laboran familiares.<\/p>\n\n\n\n<p>Estos cinco casos se suman al de la regidora M\u00f3nica Mateo Pablo, quien denunci\u00f3 ante el Tribunal Electoral del Estado de Oaxaca (TEEO) violencia pol\u00edtica en raz\u00f3n de g\u00e9nero por parte de la edil y s\u00edndico.<\/p>\n\n\n\n<p>Recientemente, el Tribunal Electoral del Estado de Oaxaca (TEEO) determin\u00f3 la existencia de violencia pol\u00edtica en raz\u00f3n de g\u00e9nero ejercida por dichos funcionarios. <\/p>\n\n\n\n<figure class=\"wp-block-embed is-type-rich is-provider-twitter wp-block-embed-twitter\"><div class=\"wp-block-embed__wrapper\">\n<div class=\"twitter-tweet\"><blockquote class=\"twitter-tweet\" data-lang=\"es\"><p lang=\"es\" dir=\"ltr\"><a href=\"https:\/\/twitter.com\/hashtag\/ENVIVO?src=hash&amp;ref_src=twsrc%5Etfw\">#ENVIVO<\/a><br>Oaxaca de Ju\u00e1rez, Oax., a 14 de septiembre de 2022.- Conferencia de prensa de regidoras y funcionarias de La Ci\u00e9nega, Zimatl\u00e1n, quienes denuncian violencia de g\u00e9nero y despidos por parte del s\u00edndico Antonio Moreno Florian. <br><br>Transmisi\u00f3n \ud83d\udc47<a href=\"https:\/\/t.co\/cyRdwtsNcL\">https:\/\/t.co\/cyRdwtsNcL<\/a> <a href=\"https:\/\/t.co\/n4hXR5TOLJ\">pic.twitter.com\/n4hXR5TOLJ<\/a><\/p>&mdash; Zona Roja Oaxaca (@ZonaRoja_Oaxaca) <a href=\"https:\/\/twitter.com\/ZonaRoja_Oaxaca\/status\/1570072932835008515?ref_src=twsrc%5Etfw\">14 de septiembre de 2022<\/a><\/blockquote><\/div>\n<\/div><\/figure>\n","protected":false},"excerpt":{"rendered":"<p>Yuridiana Sosa\/Zona Roja.&nbsp; Oaxaca de Ju\u00e1rez, Oax., 14 de septiembre de 2022.- La violencia pol\u00edtica&hellip;<\/p>\n","protected":false},"author":2,"featured_media":45794,"comment_status":"closed","ping_status":"open","sticky":false,"template":"","format":"standard","meta":{"_lmt_disableupdate":"","_lmt_disable":"","_jetpack_memberships_contains_paid_content":false,"footnotes":""},"categories":[109,47],"tags":[1528],"class_list":["post-45795","post","type-post","status-publish","format-standard","has-post-thumbnail","hentry","category-minuto-a-minuto","category-zona-gris","tag-la-cienega-zimatlan"],"jetpack_featured_media_url":"https:\/\/zonaroja.com.mx\/wp-content\/uploads\/2022\/09\/72ded558-4bc6-4675-99ad-84e27be7c020.jpg","jetpack_sharing_enabled":true,"_links":{"self":[{"href":"https:\/\/zonaroja.com.mx\/index.php?rest_route=\/wp\/v2\/posts\/45795","targetHints":{"allow":["GET"]}}],"collection":[{"href":"https:\/\/zonaroja.com.mx\/index.php?rest_route=\/wp\/v2\/posts"}],"about":[{"href":"https:\/\/zonaroja.com.mx\/index.php?rest_route=\/wp\/v2\/types\/post"}],"author":[{"embeddable":true,"href":"https:\/\/zonaroja.com.mx\/index.php?rest_route=\/wp\/v2\/users\/2"}],"replies":[{"embeddable":true,"href":"https:\/\/zonaroja.com.mx\/index.php?rest_route=%2Fwp%2Fv2%2Fcomments&post=45795"}],"version-history":[{"count":2,"href":"https:\/\/zonaroja.com.mx\/index.php?rest_route=\/wp\/v2\/posts\/45795\/revisions"}],"predecessor-version":[{"id":45807,"href":"https:\/\/zonaroja.com.mx\/index.php?rest_route=\/wp\/v2\/posts\/45795\/revisions\/45807"}],"wp:featuredmedia":[{"embeddable":true,"href":"https:\/\/zonaroja.com.mx\/index.php?rest_route=\/wp\/v2\/media\/45794"}],"wp:attachment":[{"href":"https:\/\/zonaroja.com.mx\/index.php?rest_route=%2Fwp%2Fv2%2Fmedia&parent=45795"}],"wp:term":[{"taxonomy":"category","embeddable":true,"href":"https:\/\/zonaroja.com.mx\/index.php?rest_route=%2Fwp%2Fv2%2Fcategories&post=45795"},{"taxonomy":"post_tag","embeddable":true,"href":"https:\/\/zonaroja.com.mx\/index.php?rest_route=%2Fwp%2Fv2%2Ftags&post=45795"}],"curies":[{"name":"wp","href":"https:\/\/api.w.org\/{rel}","templated":true}]}}