{"id":45800,"date":"2022-09-14T17:35:56","date_gmt":"2022-09-14T22:35:56","guid":{"rendered":"https:\/\/www.zonaroja.com.mx\/?p=45800"},"modified":"2022-09-14T19:13:05","modified_gmt":"2022-09-15T00:13:05","slug":"atiende-gobierno-de-oaxaca-a-organizaciones-sociales-a-medias","status":"publish","type":"post","link":"https:\/\/zonaroja.com.mx\/?p=45800","title":{"rendered":"Atiende gobierno de Oaxaca a organizaciones sociales\u2026 a medias"},"content":{"rendered":"\n<p>Yuridiana Sosa\/Zona Roja.<\/p>\n\n\n\n<p>Oaxaca de Ju\u00e1rez, Oax., Oax., 14 de septiembre de 2022.- En el tercer d\u00eda de caos, el gobierno de Oaxaca anunci\u00f3 que ha atendido a las organizaciones sociales, que se retirar\u00e1n de la capital en las pr\u00f3ximas horas, pero diverdas movilizaciones contin\u00faan en la entidad.&nbsp;<\/p>\n\n\n\n<p>Este mediod\u00eda en una entrevista radiof\u00f3nica, el mandatario Alejandro Murat anunci\u00f3 un acuerdo con representantes de agrupaciones que han protestado en la ciudad capital y zona conurbada, en los \u00faltimos d\u00edas.&nbsp;<\/p>\n\n\n\n<p>Pero el cierre de vialidades en la entidad, al que agregaron comercios, se incrementaron&nbsp;este mi\u00e9rcoles&nbsp;pues hoy d\u00eda en que se sumaron las organizaciones MULT y Lubizha.<\/p>\n\n\n\n<p>Pese al anticipado anuncio de los movimientos, la Secretar\u00eda General de Gobierno no logr\u00f3 impedir las nuevas afectaciones, ni retirara la presencia de las que desde el lunes y martes se activaron en la capital, regi\u00f3n del Istmo y desde hace m\u00e1s de una semana en la Sierra Sur.<\/p>\n\n\n\n<p>Desde las primeras horas, el Movimiento de Unificaci\u00f3n y Lucha Triqui se desplaz\u00f3 a diferentes puntos viales, en las regiones donde tiene presencia, en exigencia al cumplimiento de sus demandas sociales por parte del gobierno del estado.\u00a0<\/p>\n\n\n\n<figure class=\"wp-block-embed is-type-rich is-provider-twitter wp-block-embed-twitter\"><div class=\"wp-block-embed__wrapper\">\n<div class=\"twitter-tweet\"><blockquote class=\"twitter-tweet\" data-lang=\"es\"><p lang=\"es\" dir=\"ltr\"><a href=\"https:\/\/twitter.com\/hashtag\/%C3%9AltimoMinuto?src=hash&amp;ref_src=twsrc%5Etfw\">#\u00daltimoMinuto<\/a> <br>Contin\u00faa la presencia de integrantes del MULT en la caseta de peaje Huitzo de la supercarretera Oaxaca-Cuacnopalan.<br>Permiten el paso temporal de veh\u00edculos; amagan con arribar a la capital. <br>Bloquean otros puntos carreteros en la regi\u00f3n Mixteca. <a href=\"https:\/\/t.co\/PtL26vZTei\">pic.twitter.com\/PtL26vZTei<\/a><\/p>&mdash; Zona Roja Oaxaca (@ZonaRoja_Oaxaca) <a href=\"https:\/\/twitter.com\/ZonaRoja_Oaxaca\/status\/1570130301338398720?ref_src=twsrc%5Etfw\">14 de septiembre de 2022<\/a><\/blockquote><\/div>\n<\/div><\/figure>\n\n\n\n<p>Cierre al paso de la autopista Oaxaca\u2013M\u00e9xico, en la caseta de peaje de Huitzo; bloqueo a la carretera federal 135 en Teotitl\u00e1n de Flores Mag\u00f3n, adem\u00e1s de en la Ca\u00f1ada, y en la Sierra Sur y a los accesos al municipio de Putla Villa de Guerrero, fueron parte de las acciones.<\/p>\n\n\n\n<p>Por mismas demandas, sin detalle, el Movimiento Lubizha se moviliz\u00f3 en la capital y en San Bartolo Coyotepec, donde cerr\u00f3 accesos de Ciudad Judicial, lo que previamente ocasion\u00f3 el desalojo de algunos trabajadores.&nbsp;<\/p>\n\n\n\n<p>SIN CONTROL&nbsp;<\/p>\n\n\n\n<p>La capital oaxaque\u00f1a amaneci\u00f3 con el bloqueo del crucero de la calzada H\u00e9roes de Chapultepec, a un costado del ADO, instalado\u00a0este martes\u00a0por parte de integrantes de la organizaci\u00f3n COCEI Nueva Generaci\u00f3n, provenientes de la regi\u00f3n del Istmo. Despu\u00e9s de las 15:00 horas se comenzaron a retirar pero sin revelar los acuerdos.\u00a0<\/p>\n\n\n\n<figure class=\"wp-block-embed is-type-rich is-provider-twitter wp-block-embed-twitter\"><div class=\"wp-block-embed__wrapper\">\n<div class=\"twitter-tweet\"><blockquote class=\"twitter-tweet\" data-lang=\"es\"><p lang=\"es\" dir=\"ltr\"><a href=\"https:\/\/twitter.com\/hashtag\/%C3%9AltimoMinuto?src=hash&amp;ref_src=twsrc%5Etfw\">#\u00daltimoMinuto<\/a> <br>La oficialista organizaci\u00f3n Lubizha, siempre a las \u00f3rdenes de la <a href=\"https:\/\/twitter.com\/SEGEGO_GobOax?ref_src=twsrc%5Etfw\">@SEGEGO_GobOax<\/a>, cierra oficinas en Ciudad Judicial, San Bartolo Coyotepec, y queman llantas en uno de los accesos; como las dem\u00e1s, exigen recursos financieros y obras. <a href=\"https:\/\/t.co\/pV8hfnKE8E\">pic.twitter.com\/pV8hfnKE8E<\/a><\/p>&mdash; Zona Roja Oaxaca (@ZonaRoja_Oaxaca) <a href=\"https:\/\/twitter.com\/ZonaRoja_Oaxaca\/status\/1570114189775065090?ref_src=twsrc%5Etfw\">14 de septiembre de 2022<\/a><\/blockquote><\/div>\n<\/div><\/figure>\n\n\n\n<p>En tanto en una v\u00eda lateral en el crucero de Cinco Se\u00f1ores, permanecen en campamento simpatizantes de organizaciones que desde el lunes iniciaron con protestas.&nbsp;<\/p>\n\n\n\n<p>La presencia de cientos de integrantes de m\u00faltiples organizaciones que se aliaron, ha causado un caos en el Centro Hist\u00f3rico de la capital, que va desde las malas condiciones sanitarias, el orden p\u00fablico, hasta impedir la apertura de comercios alrededor del z\u00f3calo&nbsp;este mi\u00e9rcoles.<\/p>\n\n\n\n<p>Algunos de los manifestantes, pertenecientes a la organizaci\u00f3n Frente de Organizaciones Oaxaque\u00f1as (FORO), pernoctaron en los portales de la plaza central, por lo que diversos comercios, especialmente restaurantes, no pudieron abrir sus puertas.<\/p>\n\n\n\n<p>Los manifestantes de las diversas organizaciones amagan con permanecer en el z\u00f3calo para impedir la realizaci\u00f3n del \u00faltimo acto oficial del grito por la Independencia que llevar\u00e1 a cabo el gobernador Alejandro Murat, de no obtener los recursos econ\u00f3micos que demandan para supuestas obras sociales.&nbsp;<\/p>\n\n\n\n<p>En tanto, otro grupo que conforman la Alianza de Pueblos permanece a un costado del crucero del aeropuerto Internacional en la carretera Oaxaca-Puerto \u00c1ngel, en Santa Cruz Xoxocotl\u00e1n, para iniciar acciones ante cualquier llamado de sus dirigentes.&nbsp;<\/p>\n\n\n\n<p>Adem\u00e1s, jubilados de la Secci\u00f3n 22 del Sindicato Nacional de Trabajadores de la Educaci\u00f3n (SNTE) marcharon de la fuente Ocho Regiones al z\u00f3calo de la ciudad de Oaxaca en demanda del pago de sus bonos que adeuda el gobierno estatal, quien a su vez, a trav\u00e9s del IEEPO respondi\u00f3 que \u00a0han erogado 76 millones de pesos en pagos por \u201cel d\u00eda del jubilado\u201d a ex trabajadores del magisterio, lo que representa un incremento de 460 por ciento en cinco a\u00f1os.<\/p>\n\n\n\n<figure class=\"wp-block-embed is-type-rich is-provider-twitter wp-block-embed-twitter\"><div class=\"wp-block-embed__wrapper\">\n<div class=\"twitter-tweet\"><blockquote class=\"twitter-tweet\" data-lang=\"es\"><p lang=\"es\" dir=\"ltr\"><a href=\"https:\/\/twitter.com\/hashtag\/%C3%9AltimoMinuto?src=hash&amp;ref_src=twsrc%5Etfw\">#\u00daltimoMinuto<\/a> <br>La agresi\u00f3n de las organizaciones sociales este mi\u00e9rcoles, fue ahora contra los comercios del Centro Hist\u00f3rico, a los que les impidieron abrir sus puertas. <br>\u00bfY la autoridad estatal? \u00bfY la autoridad municipal de Oaxaca de Ju\u00e1rez? <a href=\"https:\/\/t.co\/2Gm23jCWqB\">pic.twitter.com\/2Gm23jCWqB<\/a><\/p>&mdash; Zona Roja Oaxaca (@ZonaRoja_Oaxaca) <a href=\"https:\/\/twitter.com\/ZonaRoja_Oaxaca\/status\/1570100308625309697?ref_src=twsrc%5Etfw\">14 de septiembre de 2022<\/a><\/blockquote><\/div>\n<\/div><\/figure>\n\n\n\n<p>LOS PENDIENTES&nbsp;<\/p>\n\n\n\n<p>Habitantes de Teotitl\u00e1n del Valle permanecen por tercer d\u00eda en bloqueo y campamento sobre la carretera federal 190, Oaxaca-Istmo, frente al crucero de su municipio, para exigir a la Segego no encubrir actos de corrupci\u00f3n de ex autoridades municipales.<\/p>\n\n\n\n<p>En la regi\u00f3n del Istmo, habitantes bloquearon por segundo d\u00eda la carretera trans\u00edstmica en el punto conocido como \u201cPepe y Lolita\u201d, mismo que retiraron por la tarde.&nbsp;<\/p>\n\n\n\n<p>Mientras que en la Sierra Sur, habitantes de San Mateo R\u00edo Hondo contin\u00faan con el bloqueo en la carretera federal 175 frente a la poblaci\u00f3n San Jos\u00e9 del Pac\u00edfico, para demandar la revocaci\u00f3n del mandato del presidente municipal.<\/p>\n\n\n\n<p>Este mi\u00e9rcoles tambi\u00e9n se report\u00f3 un bloqueo en la carretera federal 200 tramo Pinotepa Nacional-Salina Cruz a la altura de San Andr\u00e9s Huaxpaltepec por parte de integrantes de la Alianza de Transportistas de la Costa para exigir la cancelaci\u00f3n de permisos a mototaxistas.<\/p>\n\n\n\n<figure class=\"wp-block-embed is-type-rich is-provider-twitter wp-block-embed-twitter\"><div class=\"wp-block-embed__wrapper\">\n<div class=\"twitter-tweet\"><blockquote class=\"twitter-tweet\" data-lang=\"es\"><p lang=\"es\" dir=\"ltr\">4. Inicia tambi\u00e9n el tercer d\u00eda de bloqueos por parte de habitantes de Teotitl\u00e1n del Valle, sobre la carretera a la regi\u00f3n del Istmo; anoche se retiraron del crucero de la planta de Pemex. <a href=\"https:\/\/t.co\/3zT4LXmI19\">pic.twitter.com\/3zT4LXmI19<\/a><\/p>&mdash; Zona Roja Oaxaca (@ZonaRoja_Oaxaca) <a href=\"https:\/\/twitter.com\/ZonaRoja_Oaxaca\/status\/1570038734162395139?ref_src=twsrc%5Etfw\">14 de septiembre de 2022<\/a><\/blockquote><\/div>\n<\/div><\/figure>\n","protected":false},"excerpt":{"rendered":"<p>Yuridiana Sosa\/Zona Roja. Oaxaca de Ju\u00e1rez, Oax., Oax., 14 de septiembre de 2022.- En el&hellip;<\/p>\n","protected":false},"author":2,"featured_media":45799,"comment_status":"closed","ping_status":"open","sticky":false,"template":"","format":"standard","meta":{"_lmt_disableupdate":"","_lmt_disable":"","_jetpack_memberships_contains_paid_content":false,"footnotes":""},"categories":[109,47],"tags":[2264],"class_list":["post-45800","post","type-post","status-publish","format-standard","has-post-thumbnail","hentry","category-minuto-a-minuto","category-zona-gris","tag-bloqueos-y-protestas-oaxaca"],"jetpack_featured_media_url":"https:\/\/zonaroja.com.mx\/wp-content\/uploads\/2022\/09\/5adb0407-2862-4554-8c26-70e0c970e603.jpg","jetpack_sharing_enabled":true,"_links":{"self":[{"href":"https:\/\/zonaroja.com.mx\/index.php?rest_route=\/wp\/v2\/posts\/45800","targetHints":{"allow":["GET"]}}],"collection":[{"href":"https:\/\/zonaroja.com.mx\/index.php?rest_route=\/wp\/v2\/posts"}],"about":[{"href":"https:\/\/zonaroja.com.mx\/index.php?rest_route=\/wp\/v2\/types\/post"}],"author":[{"embeddable":true,"href":"https:\/\/zonaroja.com.mx\/index.php?rest_route=\/wp\/v2\/users\/2"}],"replies":[{"embeddable":true,"href":"https:\/\/zonaroja.com.mx\/index.php?rest_route=%2Fwp%2Fv2%2Fcomments&post=45800"}],"version-history":[{"count":2,"href":"https:\/\/zonaroja.com.mx\/index.php?rest_route=\/wp\/v2\/posts\/45800\/revisions"}],"predecessor-version":[{"id":45806,"href":"https:\/\/zonaroja.com.mx\/index.php?rest_route=\/wp\/v2\/posts\/45800\/revisions\/45806"}],"wp:featuredmedia":[{"embeddable":true,"href":"https:\/\/zonaroja.com.mx\/index.php?rest_route=\/wp\/v2\/media\/45799"}],"wp:attachment":[{"href":"https:\/\/zonaroja.com.mx\/index.php?rest_route=%2Fwp%2Fv2%2Fmedia&parent=45800"}],"wp:term":[{"taxonomy":"category","embeddable":true,"href":"https:\/\/zonaroja.com.mx\/index.php?rest_route=%2Fwp%2Fv2%2Fcategories&post=45800"},{"taxonomy":"post_tag","embeddable":true,"href":"https:\/\/zonaroja.com.mx\/index.php?rest_route=%2Fwp%2Fv2%2Ftags&post=45800"}],"curies":[{"name":"wp","href":"https:\/\/api.w.org\/{rel}","templated":true}]}}